{"id":2734,"date":"2024-11-26T12:18:04","date_gmt":"2024-11-26T15:18:04","guid":{"rendered":"https:\/\/lalupa24.com.ar\/?p=2734"},"modified":"2024-11-26T12:18:06","modified_gmt":"2024-11-26T15:18:06","slug":"continua-el-asedio-chavista-contra-asilados-en-la-embajada-argentina-en-caracas-denuncian-corte-de-luz-y-condiciones-criticas","status":"publish","type":"post","link":"https:\/\/lalupa24.com.ar\/index.php\/2024\/11\/26\/continua-el-asedio-chavista-contra-asilados-en-la-embajada-argentina-en-caracas-denuncian-corte-de-luz-y-condiciones-criticas\/","title":{"rendered":"Contin\u00faa el asedio chavista contra asilados en la embajada argentina en Caracas: denuncian corte de luz y condiciones cr\u00edticas"},"content":{"rendered":"\n<p>En un preocupante agravamiento de la situaci\u00f3n, los opositores venezolanos que se encuentran asilados en la embajada argentina en Caracas han quedado sin suministro el\u00e9ctrico, una medida que refuerza el cerco impuesto por el r\u00e9gimen de Nicol\u00e1s Maduro. Seg\u00fan denunci\u00f3 Pedro Urruchurtu Noselli, destacado dirigente opositor, esta t\u00e1ctica busca intensificar la presi\u00f3n sobre quienes se refugiaron en la sede diplom\u00e1tica tras ser perseguidos por el chavismo.<\/p>\n\n\n\n<p>La situaci\u00f3n en la embajada argentina, que actualmente est\u00e1 bajo la protecci\u00f3n del gobierno de Brasil debido a la expulsi\u00f3n de los diplom\u00e1ticos argentinos por el r\u00e9gimen, se torna cada vez m\u00e1s insostenible. Sin acceso a servicios b\u00e1sicos como la electricidad, los asilados enfrentan condiciones de vida precarias, limitadas adem\u00e1s por la falta de alimentos, medicamentos y comunicaci\u00f3n con el exterior. \u201cEs un intento descarado de quebrar psicol\u00f3gicamente a los refugiados y obligarlos a rendirse\u201d, declar\u00f3 Urruchurtu.<\/p>\n\n\n\n<p>Desde que el r\u00e9gimen de Maduro consolid\u00f3 su control sobre las instituciones venezolanas, las sedes diplom\u00e1ticas han sido blanco de hostigamientos como parte de una estrategia para debilitar la protecci\u00f3n internacional hacia disidentes y opositores. En este caso, la embajada argentina no solo enfrenta cortes de luz, sino que est\u00e1 rodeada por fuerzas de seguridad que restringen el acceso de personas y suministros. La comunidad internacional, hasta el momento, ha guardado relativo silencio sobre esta situaci\u00f3n.<\/p>\n\n\n\n<p>Por su parte, el gobierno brasile\u00f1o, encabezado por Luiz In\u00e1cio Lula da Silva, ha solicitado explicaciones al r\u00e9gimen de Maduro y reafirmado su compromiso con el resguardo de los asilados en la sede diplom\u00e1tica. Sin embargo, hasta el momento no se han tomado medidas concretas que garanticen la seguridad de los refugiados, una omisi\u00f3n que alimenta la incertidumbre y las tensiones en la regi\u00f3n.<\/p>\n\n\n\n<p>Organismos internacionales, como Amnist\u00eda Internacional y Human Rights Watch, han se\u00f1alado que este tipo de actos violan tratados internacionales sobre asilo y refugio, adem\u00e1s de constituir una forma de tortura psicol\u00f3gica contra los perseguidos pol\u00edticos. \u201cEl silencio c\u00f3mplice de la comunidad internacional solo fortalece a reg\u00edmenes como el de Maduro\u201d, asegur\u00f3 Erika Guevara-Rosas, directora para las Am\u00e9ricas de Amnist\u00eda Internacional.<\/p>\n\n\n\n<p>En tanto, los asilados contin\u00faan haciendo un llamado desesperado a la comunidad internacional para que intervenga de manera urgente. \u00abNo se trata solo de protegernos a nosotros, sino de marcar un precedente frente a la violaci\u00f3n sistem\u00e1tica de derechos humanos\u00bb, concluy\u00f3 uno de los refugiados bajo anonimato. Mientras el cerco se estrecha, crece la preocupaci\u00f3n por lo que podr\u00eda significar un desenlace violento o un quiebre en la protecci\u00f3n diplom\u00e1tica.<\/p>\n","protected":false},"excerpt":{"rendered":"<p>En un preocupante agravamiento de la situaci\u00f3n, los opositores venezolanos que se encuentran asilados en la embajada argentina en Caracas han quedado sin suministro el\u00e9ctrico, una medida que refuerza el cerco impuesto por el r\u00e9gimen de Nicol\u00e1s Maduro. Seg\u00fan denunci\u00f3 Pedro Urruchurtu Noselli, destacado dirigente opositor, esta t\u00e1ctica busca intensificar la presi\u00f3n sobre quienes se [&hellip;]<\/p>\n","protected":false},"author":2,"featured_media":2735,"comment_status":"open","ping_status":"open","sticky":false,"template":"","format":"standard","meta":{"footnotes":""},"categories":[1],"tags":[],"class_list":{"0":"post-2734","1":"post","2":"type-post","3":"status-publish","4":"format-standard","5":"has-post-thumbnail","7":"category-blog"},"aioseo_notices":[],"_links":{"self":[{"href":"https:\/\/lalupa24.com.ar\/index.php\/wp-json\/wp\/v2\/posts\/2734","targetHints":{"allow":["GET"]}}],"collection":[{"href":"https:\/\/lalupa24.com.ar\/index.php\/wp-json\/wp\/v2\/posts"}],"about":[{"href":"https:\/\/lalupa24.com.ar\/index.php\/wp-json\/wp\/v2\/types\/post"}],"author":[{"embeddable":true,"href":"https:\/\/lalupa24.com.ar\/index.php\/wp-json\/wp\/v2\/users\/2"}],"replies":[{"embeddable":true,"href":"https:\/\/lalupa24.com.ar\/index.php\/wp-json\/wp\/v2\/comments?post=2734"}],"version-history":[{"count":1,"href":"https:\/\/lalupa24.com.ar\/index.php\/wp-json\/wp\/v2\/posts\/2734\/revisions"}],"predecessor-version":[{"id":2736,"href":"https:\/\/lalupa24.com.ar\/index.php\/wp-json\/wp\/v2\/posts\/2734\/revisions\/2736"}],"wp:featuredmedia":[{"embeddable":true,"href":"https:\/\/lalupa24.com.ar\/index.php\/wp-json\/wp\/v2\/media\/2735"}],"wp:attachment":[{"href":"https:\/\/lalupa24.com.ar\/index.php\/wp-json\/wp\/v2\/media?parent=2734"}],"wp:term":[{"taxonomy":"category","embeddable":true,"href":"https:\/\/lalupa24.com.ar\/index.php\/wp-json\/wp\/v2\/categories?post=2734"},{"taxonomy":"post_tag","embeddable":true,"href":"https:\/\/lalupa24.com.ar\/index.php\/wp-json\/wp\/v2\/tags?post=2734"}],"curies":[{"name":"wp","href":"https:\/\/api.w.org\/{rel}","templated":true}]}}