{"id":2737,"date":"2024-11-26T12:19:26","date_gmt":"2024-11-26T15:19:26","guid":{"rendered":"https:\/\/lalupa24.com.ar\/?p=2737"},"modified":"2024-11-26T12:19:28","modified_gmt":"2024-11-26T15:19:28","slug":"milei-frente-a-desafios-clave-presupuesto-2025-y-negociaciones-con-macri-y-el-kirchnerismo","status":"publish","type":"post","link":"https:\/\/lalupa24.com.ar\/index.php\/2024\/11\/26\/milei-frente-a-desafios-clave-presupuesto-2025-y-negociaciones-con-macri-y-el-kirchnerismo\/","title":{"rendered":"Milei frente a desaf\u00edos clave: Presupuesto 2025 y negociaciones con Macri y el kirchnerismo"},"content":{"rendered":"\n<p>La gesti\u00f3n de Javier Milei atraviesa un momento cr\u00edtico con la discusi\u00f3n del Presupuesto 2025 en el Congreso, un proceso que pone en juego las relaciones pol\u00edticas del mandatario con sectores clave como el PRO, liderado por Mauricio Macri, y el kirchnerismo. La falta de acuerdos previos ha generado tensiones sobre la convocatoria a sesiones extraordinarias, los proyectos de Ficha Limpia, el DNU sobre la deuda y los pliegos pendientes para la Corte Suprema.<\/p>\n\n\n\n<p>El debate del Presupuesto refleja una dura negociaci\u00f3n con los gobernadores. A pesar de reuniones con l\u00edderes de Juntos por el Cambio y del peronismo dialoguista, Milei se ha mostrado inflexible en atender demandas provinciales, como el aumento de la coparticipaci\u00f3n y el financiamiento de obras p\u00fablicas. Estas resistencias han generado malestar en aliados clave, mientras que la falta de consenso podr\u00eda llevar al Ejecutivo a gobernar nuevamente sin un presupuesto aprobado, usando partidas discrecionales y prolongando el marco fiscal de 2023<\/p>\n\n\n\n<p>Desde el oficialismo, la negativa a ceder responde a la prioridad de sostener el ajuste fiscal y cumplir con los lineamientos del FMI. Sin embargo, este enfoque ha complicado el apoyo parlamentario necesario para la aprobaci\u00f3n del presupuesto. Los gobernadores de la oposici\u00f3n consideran que sus distritos se ven afectados desproporcionadamente, ya que los recursos financieros se concentran en provincias afines al oficialismo. En este contexto, los l\u00edderes provinciales del PRO y la UCR buscan renegociar condiciones en medio de un a\u00f1o electoral que amenaza con profundizar divisiones\u30108\u3011\u30109\u3011.<\/p>\n\n\n\n<p>Las tratativas tambi\u00e9n involucran a sectores kirchneristas, que han condicionado su apoyo a reformas puntuales, como las vinculadas al sistema judicial y a una distribuci\u00f3n m\u00e1s equitativa de los fondos. Por otro lado, los proyectos de Ficha Limpia y el DNU de la deuda agregan presi\u00f3n al Ejecutivo, ya que ambos son vistas como herramientas que podr\u00edan erosionar la base de gobernabilidad en el Congreso<\/p>\n\n\n\n<p>En paralelo, la relaci\u00f3n entre Milei y Macri enfrenta desaf\u00edos. Aunque el PRO ha respaldado algunas iniciativas del Ejecutivo, la falta de consenso sobre puntos clave del presupuesto y otras medidas legislativas refleja una tensi\u00f3n creciente. La capacidad del oficialismo para mantener estos apoyos ser\u00e1 crucial no solo para la aprobaci\u00f3n de este presupuesto, sino tambi\u00e9n para definir las alianzas de cara al futuro pol\u00edtico inmediato<\/p>\n\n\n\n<p>Sin un acuerdo consolidado, el Gobierno podr\u00eda optar por postergar la convocatoria a sesiones extraordinarias, un movimiento que dejar\u00eda al Congreso sin margen de acci\u00f3n hasta marzo de 2025. Esta estrategia, aunque viable en t\u00e9rminos t\u00e9cnicos, podr\u00eda aumentar la presi\u00f3n pol\u00edtica y social, especialmente si el Gobierno enfrenta un segundo a\u00f1o sin un presupuesto sancionado<\/p>\n","protected":false},"excerpt":{"rendered":"<p>La gesti\u00f3n de Javier Milei atraviesa un momento cr\u00edtico con la discusi\u00f3n del Presupuesto 2025 en el Congreso, un proceso que pone en juego las relaciones pol\u00edticas del mandatario con sectores clave como el PRO, liderado por Mauricio Macri, y el kirchnerismo. La falta de acuerdos previos ha generado tensiones sobre la convocatoria a sesiones [&hellip;]<\/p>\n","protected":false},"author":2,"featured_media":2738,"comment_status":"open","ping_status":"open","sticky":false,"template":"","format":"standard","meta":{"footnotes":""},"categories":[27],"tags":[],"class_list":{"0":"post-2737","1":"post","2":"type-post","3":"status-publish","4":"format-standard","5":"has-post-thumbnail","7":"category-interior"},"aioseo_notices":[],"_links":{"self":[{"href":"https:\/\/lalupa24.com.ar\/index.php\/wp-json\/wp\/v2\/posts\/2737","targetHints":{"allow":["GET"]}}],"collection":[{"href":"https:\/\/lalupa24.com.ar\/index.php\/wp-json\/wp\/v2\/posts"}],"about":[{"href":"https:\/\/lalupa24.com.ar\/index.php\/wp-json\/wp\/v2\/types\/post"}],"author":[{"embeddable":true,"href":"https:\/\/lalupa24.com.ar\/index.php\/wp-json\/wp\/v2\/users\/2"}],"replies":[{"embeddable":true,"href":"https:\/\/lalupa24.com.ar\/index.php\/wp-json\/wp\/v2\/comments?post=2737"}],"version-history":[{"count":1,"href":"https:\/\/lalupa24.com.ar\/index.php\/wp-json\/wp\/v2\/posts\/2737\/revisions"}],"predecessor-version":[{"id":2739,"href":"https:\/\/lalupa24.com.ar\/index.php\/wp-json\/wp\/v2\/posts\/2737\/revisions\/2739"}],"wp:featuredmedia":[{"embeddable":true,"href":"https:\/\/lalupa24.com.ar\/index.php\/wp-json\/wp\/v2\/media\/2738"}],"wp:attachment":[{"href":"https:\/\/lalupa24.com.ar\/index.php\/wp-json\/wp\/v2\/media?parent=2737"}],"wp:term":[{"taxonomy":"category","embeddable":true,"href":"https:\/\/lalupa24.com.ar\/index.php\/wp-json\/wp\/v2\/categories?post=2737"},{"taxonomy":"post_tag","embeddable":true,"href":"https:\/\/lalupa24.com.ar\/index.php\/wp-json\/wp\/v2\/tags?post=2737"}],"curies":[{"name":"wp","href":"https:\/\/api.w.org\/{rel}","templated":true}]}}