{"id":2760,"date":"2024-11-27T11:33:10","date_gmt":"2024-11-27T14:33:10","guid":{"rendered":"https:\/\/lalupa24.com.ar\/?p=2760"},"modified":"2024-11-27T11:33:12","modified_gmt":"2024-11-27T14:33:12","slug":"el-gobierno-desvinculo-mas-de-31-000-empleados-publicos-desde-que-asumio-javier-milei","status":"publish","type":"post","link":"https:\/\/lalupa24.com.ar\/index.php\/2024\/11\/27\/el-gobierno-desvinculo-mas-de-31-000-empleados-publicos-desde-que-asumio-javier-milei\/","title":{"rendered":"El Gobierno desvincul\u00f3 m\u00e1s de 31.000 empleados p\u00fablicos desde que asumi\u00f3 Javier Milei"},"content":{"rendered":"\n<p>El dato surge de una de las 1.100 respuestas que el jefe de Gabinete, Guillermo Francos, les dio a los senadores en el marco de su Informe de Gesti\u00f3n<\/p>\n\n\n\n<p>El jefe de Gabinete, Guillermo Francos, incluy\u00f3 en su informe de gesti\u00f3n presentado ante el Senado que la cantidad de empleados que fueron desvinculados del Estado en los primeros 10 meses de la administraci\u00f3n libertaria asciende a<strong>&nbsp;31.226 personas, entre los que figuran los de las empresas y sociedades, que son 11.200, y los de la Administraci\u00f3n P\u00fablica centralizada y descentralizada, que totalizan otras 20.026.<\/strong><\/p>\n\n\n\n<p>El Informe 141 ante el Senado de la Naci\u00f3n, con m\u00e1s de 1.000 p\u00e1ginas, contiene la respuesta del ministro coordinador, que est\u00e1 dividida en dos partes. Ante la consulta sobre cu\u00e1l es la cantidad de agentes que fueron despedidos desde el 10 de diciembre del 2023 hasta la fecha y en la que se pide el desagregado por jurisdicci\u00f3n, organismo descentralizados, empresas p\u00fablicas, fondos fiduciarios y otros entes, desde Gabinete detallaron en una primera parte las desvinculaciones que se produjeron en la Administraci\u00f3n P\u00fablica Nacional centralizada, descentralizada y otros entes.<\/p>\n\n\n\n<p>Desde el Gobierno indicaron -entre otras respuestas ante las m\u00e1s de 1.100 preguntas que le enviaron los legisladores de la C\u00e1mara Alta- que \u201cel Ministerio de Desregulaci\u00f3n y Transformaci\u00f3n del Estado (a cargo de Federico Sturzenegger) informa que<strong>&nbsp;corresponde remarcar que no se llevaron a cabo despidos<\/strong>, sino que el Estado, en uso de sus facultades discrecionales y su poder de administraci\u00f3n, opt\u00f3 por la&nbsp;<strong>no renovaci\u00f3n de ciertos contratos<\/strong>&nbsp;por tiempo determinado cuya duraci\u00f3n ya hab\u00eda finalizado. Asimismo, pudieron ocasionarse desvinculaciones por jubilaci\u00f3n y\/o bajas vegetativas\u201d.<\/p>\n\n\n\n<p>All\u00ed se deja constancia que&nbsp;<strong>la Administraci\u00f3n Nacional de la Seguridad Social (ANSES)&nbsp;sufri\u00f3 la mayor cantidad de bajas, con 1.122 agentes menos.<\/strong>&nbsp;Le siguen la Administraci\u00f3n Federal de Ingresos P\u00fablicos, que ahora se denomina ARCA, con 776 trabajadores que se desvincularon; el Consejo Nacional de Investigaciones Cient\u00edficas y T\u00e9cnicas (CONICET), con 644 bajas; Ente Nacional de Comunicaciones (ENACOM), 567; Estado Mayor General de la Armada, 442; la Agencia Nacional de Discapacidad (ANDIS), 381; la Direcci\u00f3n Nacional de Vialidad, 326; el Instituto Nacional de Asociativismo y Econom\u00eda Social (INAES), 236 y el Servicio Nacional de Sanidad y Calidad Agroalimentaria (SENASA), con 223. Luego se incluye a otros organismos que sufrieron recortes, pero en mucha menor medida.<\/p>\n\n\n\n<p>En la segunda parte est\u00e1 la variaci\u00f3n de puestos de trabajo que se produjeron entre diciembre de 2023 y septiembre de este a\u00f1o en las empresas y sociedades del Estado. La lista la encabeza el Correo Oficial de la Rep\u00fablica Argentina S.A que tuvo 4.181 empleados menos que al comienzo de la gesti\u00f3n de Javier Milei. Aerol\u00edneas Argentinas aparece en segundo lugar con 1.552 personas que dejaron de pertenecer a la l\u00ednea de bandera y luego se ubica Agua y Saneamientos Argentinos S.A. (AySA), con 1.240 trabajadores desvinculados.<\/p>\n\n\n\n<p>Tambi\u00e9n hubo importantes recortes en todas&nbsp;<a href=\"https:\/\/www.infobae.com\/economia\/2024\/10\/01\/el-gobierno-disolvio-una-empresa-ferroviaria-y-despidio-a-1388-empleados\/\" target=\"_blank\" rel=\"noreferrer noopener\">las empresas vinculadas&nbsp;<\/a>a<a href=\"https:\/\/www.infobae.com\/economia\/2024\/10\/01\/el-gobierno-disolvio-una-empresa-ferroviaria-y-despidio-a-1388-empleados\/\" target=\"_blank\" rel=\"noreferrer noopener\">l sector&nbsp;<\/a>ferroviario<a href=\"https:\/\/www.infobae.com\/economia\/2024\/10\/01\/el-gobierno-disolvio-una-empresa-ferroviaria-y-despidio-a-1388-empleados\/\" target=\"_blank\" rel=\"noreferrer noopener\">.<\/a>&nbsp;En Desarrollo del Capital Humano Ferroviario S.A.P.E.M. se alejaron 955 personas, en Operadora Ferroviaria S.E. (Trenes Argentinos Operaciones), 624 y en la Administraci\u00f3n de Infraestructuras Ferroviarias S.E. (ADIF), 195. El total es de 11.200. Adem\u00e1s, la agencia de noticias estatal TELAM que Milei decidi\u00f3 cerrar en marzo, qued\u00f3 con 597 empleados menos, ya que pas\u00f3 de 790 a 193. La reducci\u00f3n de personal tambi\u00e9n fue importante en Radio y Televisi\u00f3n Argentina Sociedad del Estado (RTA \u2013 Canal 7 \u2013 TVP) de donde se marcharon 285 trabajadores.<\/p>\n\n\n\n<p>El gobierno de Milei determin\u00f3 el cese de todos los contratados en el \u00faltimo a\u00f1o de la gesti\u00f3n de Alberto Fern\u00e1ndez, a los pocos d\u00edas de su asunci\u00f3n. En marzo y en junio, luego de renovaciones trimestrales, tambi\u00e9n numerosos empleados resultaron discontinuados.<\/p>\n","protected":false},"excerpt":{"rendered":"<p>El dato surge de una de las 1.100 respuestas que el jefe de Gabinete, Guillermo Francos, les dio a los senadores en el marco de su Informe de Gesti\u00f3n El jefe de Gabinete, Guillermo Francos, incluy\u00f3 en su informe de gesti\u00f3n presentado ante el Senado que la cantidad de empleados que fueron desvinculados del Estado [&hellip;]<\/p>\n","protected":false},"author":2,"featured_media":2755,"comment_status":"open","ping_status":"open","sticky":false,"template":"","format":"standard","meta":{"footnotes":""},"categories":[27],"tags":[],"class_list":{"0":"post-2760","1":"post","2":"type-post","3":"status-publish","4":"format-standard","5":"has-post-thumbnail","7":"category-interior"},"aioseo_notices":[],"_links":{"self":[{"href":"https:\/\/lalupa24.com.ar\/index.php\/wp-json\/wp\/v2\/posts\/2760","targetHints":{"allow":["GET"]}}],"collection":[{"href":"https:\/\/lalupa24.com.ar\/index.php\/wp-json\/wp\/v2\/posts"}],"about":[{"href":"https:\/\/lalupa24.com.ar\/index.php\/wp-json\/wp\/v2\/types\/post"}],"author":[{"embeddable":true,"href":"https:\/\/lalupa24.com.ar\/index.php\/wp-json\/wp\/v2\/users\/2"}],"replies":[{"embeddable":true,"href":"https:\/\/lalupa24.com.ar\/index.php\/wp-json\/wp\/v2\/comments?post=2760"}],"version-history":[{"count":1,"href":"https:\/\/lalupa24.com.ar\/index.php\/wp-json\/wp\/v2\/posts\/2760\/revisions"}],"predecessor-version":[{"id":2761,"href":"https:\/\/lalupa24.com.ar\/index.php\/wp-json\/wp\/v2\/posts\/2760\/revisions\/2761"}],"wp:featuredmedia":[{"embeddable":true,"href":"https:\/\/lalupa24.com.ar\/index.php\/wp-json\/wp\/v2\/media\/2755"}],"wp:attachment":[{"href":"https:\/\/lalupa24.com.ar\/index.php\/wp-json\/wp\/v2\/media?parent=2760"}],"wp:term":[{"taxonomy":"category","embeddable":true,"href":"https:\/\/lalupa24.com.ar\/index.php\/wp-json\/wp\/v2\/categories?post=2760"},{"taxonomy":"post_tag","embeddable":true,"href":"https:\/\/lalupa24.com.ar\/index.php\/wp-json\/wp\/v2\/tags?post=2760"}],"curies":[{"name":"wp","href":"https:\/\/api.w.org\/{rel}","templated":true}]}}