{"id":2766,"date":"2024-11-27T11:36:03","date_gmt":"2024-11-27T14:36:03","guid":{"rendered":"https:\/\/lalupa24.com.ar\/?p=2766"},"modified":"2024-11-27T11:36:04","modified_gmt":"2024-11-27T14:36:04","slug":"alberto-fernandez-declara-en-comodoro-py-por-la-causa-de-los-seguros","status":"publish","type":"post","link":"https:\/\/lalupa24.com.ar\/index.php\/2024\/11\/27\/alberto-fernandez-declara-en-comodoro-py-por-la-causa-de-los-seguros\/","title":{"rendered":"Alberto Fern\u00e1ndez declara en Comodoro Py por la causa de los seguros"},"content":{"rendered":"\n<p>El ex presidente lleg\u00f3 a los tribunales de Retiro a las 09:30. Est\u00e1 acusado de liderar una maniobra para direccionar los contratos con las principales aseguradoras. En la previa pidi\u00f3 un operativo especial de seguridad en Tribunales. El lunes intent\u00f3 suspender la indagatoria<\/p>\n\n\n\n<p><strong>Alberto Fern\u00e1ndez<\/strong>&nbsp;abandon\u00f3 esta ma\u00f1ana el encierro al que se someti\u00f3 en Puerto Madero durante los \u00faltimos cuatro meses y recorri\u00f3 las 25 cuadras que lo separan de los tribunales de Comodoro Py para defenderse del esc\u00e1ndalo de los seguros.El ex presidente nunca se imagin\u00f3 estar en esta instancia. Muchos menos a menos de un a\u00f1o de dejar el poder.<\/p>\n\n\n\n<p>Fern\u00e1ndez deb\u00eda presentarse a las 10 de la ma\u00f1ana ante el juez federal Juli\u00e1n Ercolini y&nbsp;<strong>lleg\u00f3 a los tribunales de Retiro sobre las 09:30<\/strong>, para cumplir con lo que ser\u00e1 su primera indagatoria en Tribunales. En dos semanas deber\u00e1 volver por la denuncia de Fabiola Ya\u00f1ez.<\/p>\n\n\n\n<p>Seg\u00fan pudo saber&nbsp;<strong>Infobae<\/strong>, Fern\u00e1ndez responder\u00e1 preguntas.&nbsp;<strong>\u201cHace mucho tiempo que no habla y tiene ganas de hablar\u201d,&nbsp;<\/strong>dijo un allegado. El ex presidente lleg\u00f3 temprano a los tribunales de Retiro y pidi\u00f3 que se cierre el cuarto piso, donde est\u00e1 el juzgado de Ercolini, para no tener contacto con los periodistas.<\/p>\n\n\n\n<p>El ex mandatario est\u00e1 acusado de liderar una maniobra para direccionar los contratos de las principales aseguradoras con el Estado durante todo su mandato.&nbsp;<strong>La imputaci\u00f3n concreta y las pruebas en su contra reci\u00e9n las conocer\u00e1 al comienzo de la indagatoria.<\/strong><\/p>\n\n\n\n<p>Al momento de citarlo, hace un mes,&nbsp;el juez lo acus\u00f3 de tener el control de toda la maniobra, al margen de firmar el decreto 823\/21, que termin\u00f3 con el sistema de coaseguro y le entreg\u00f3 el monopolio a Naci\u00f3n Seguros: \u201c<strong>Aprovech\u00e1ndose de su investidura, el nombrado habr\u00eda retenido la potestad de adoptar la \u00faltima decisi\u00f3n en caso de controversia entre los dem\u00e1s miembros del grupo y se habr\u00eda ocupado del direccionamiento en los casos en que las gestiones previas resultaban infructuosas\u201d.<\/strong><\/p>\n\n\n\n<p>Los \u201cmiembros del grupo\u201d son los ex funcionarios de Naci\u00f3n Seguros que tambi\u00e9n est\u00e1n citados a declarar: Alberto Pagliano (ex titular de la empresa), Gustavo Garc\u00eda Argibay, Sebasti\u00e1n Diaz Bancalari, Fernando Arana, Carlos Soria, y Mauro Tanos.<\/p>\n\n\n\n<p>Para la Justicia, la maniobra benefici\u00f3 a un grupo reducido de empresas. Ercolini concentr\u00f3 la acusaci\u00f3n, al menos por ahora, contra tres grandes grupos.<\/p>\n","protected":false},"excerpt":{"rendered":"<p>El ex presidente lleg\u00f3 a los tribunales de Retiro a las 09:30. Est\u00e1 acusado de liderar una maniobra para direccionar los contratos con las principales aseguradoras. En la previa pidi\u00f3 un operativo especial de seguridad en Tribunales. El lunes intent\u00f3 suspender la indagatoria Alberto Fern\u00e1ndez&nbsp;abandon\u00f3 esta ma\u00f1ana el encierro al que se someti\u00f3 en Puerto [&hellip;]<\/p>\n","protected":false},"author":2,"featured_media":2758,"comment_status":"open","ping_status":"open","sticky":false,"template":"","format":"standard","meta":{"footnotes":""},"categories":[27],"tags":[],"class_list":{"0":"post-2766","1":"post","2":"type-post","3":"status-publish","4":"format-standard","5":"has-post-thumbnail","7":"category-interior"},"aioseo_notices":[],"_links":{"self":[{"href":"https:\/\/lalupa24.com.ar\/index.php\/wp-json\/wp\/v2\/posts\/2766","targetHints":{"allow":["GET"]}}],"collection":[{"href":"https:\/\/lalupa24.com.ar\/index.php\/wp-json\/wp\/v2\/posts"}],"about":[{"href":"https:\/\/lalupa24.com.ar\/index.php\/wp-json\/wp\/v2\/types\/post"}],"author":[{"embeddable":true,"href":"https:\/\/lalupa24.com.ar\/index.php\/wp-json\/wp\/v2\/users\/2"}],"replies":[{"embeddable":true,"href":"https:\/\/lalupa24.com.ar\/index.php\/wp-json\/wp\/v2\/comments?post=2766"}],"version-history":[{"count":1,"href":"https:\/\/lalupa24.com.ar\/index.php\/wp-json\/wp\/v2\/posts\/2766\/revisions"}],"predecessor-version":[{"id":2767,"href":"https:\/\/lalupa24.com.ar\/index.php\/wp-json\/wp\/v2\/posts\/2766\/revisions\/2767"}],"wp:featuredmedia":[{"embeddable":true,"href":"https:\/\/lalupa24.com.ar\/index.php\/wp-json\/wp\/v2\/media\/2758"}],"wp:attachment":[{"href":"https:\/\/lalupa24.com.ar\/index.php\/wp-json\/wp\/v2\/media?parent=2766"}],"wp:term":[{"taxonomy":"category","embeddable":true,"href":"https:\/\/lalupa24.com.ar\/index.php\/wp-json\/wp\/v2\/categories?post=2766"},{"taxonomy":"post_tag","embeddable":true,"href":"https:\/\/lalupa24.com.ar\/index.php\/wp-json\/wp\/v2\/tags?post=2766"}],"curies":[{"name":"wp","href":"https:\/\/api.w.org\/{rel}","templated":true}]}}