{"id":2776,"date":"2024-12-04T08:29:34","date_gmt":"2024-12-04T11:29:34","guid":{"rendered":"https:\/\/lalupa24.com.ar\/?p=2776"},"modified":"2024-12-04T08:29:35","modified_gmt":"2024-12-04T11:29:35","slug":"economia-declaro-la-emergencia-agropecuaria-para-santa-fe-por-sequia","status":"publish","type":"post","link":"https:\/\/lalupa24.com.ar\/index.php\/2024\/12\/04\/economia-declaro-la-emergencia-agropecuaria-para-santa-fe-por-sequia\/","title":{"rendered":"Econom\u00eda declar\u00f3 la emergencia agropecuaria para Santa Fe por sequ\u00eda"},"content":{"rendered":"\n<p>La decisi\u00f3n se tom\u00f3 a partir de la recomendaci\u00f3n realizada por la Comisi\u00f3n Nacional de Emergencias y Desastres Agropecuarios, que analiz\u00f3 la situaci\u00f3n y alcances del d\u00e9ficit h\u00eddrico en las zonas productivas del norte provincial.<\/p>\n\n\n\n<p>El Ministro de Econom\u00eda, Luis Caputo, firm\u00f3 la Resoluci\u00f3n 1297\/2024 que declara de emergencia agropecuaria para Santa Fe, tras el an\u00e1lisis y recomendaci\u00f3n brindada por la Comisi\u00f3n Nacional de Emergencias y Desastres Agropecuarios (CNEyDA), a partir de la intensificaci\u00f3n de la sequ\u00eda en el norte de la provincia.<\/p>\n\n\n\n<p>En el marco de la \u00faltima reuni\u00f3n de la CNEyDA, presidida por el secretario de Agricultura, Ganader\u00eda y Pesca, Sergio Iraeta, el director de Crisis y Asistencia Agropecuaria, Mariano Quesada, realiz\u00f3 una evaluaci\u00f3n de indicadores y mapas que dieron cuenta de la evoluci\u00f3n de la sequ\u00eda en la provincia durante los meses invernales, con fuerte impacto en la regi\u00f3n.<\/p>\n\n\n\n<p>En la oportunidad tambi\u00e9n tomaron la palabra los representantes de la provincia afectada, y el secretario de Agricultura y Ganader\u00eda de Santa Fe, Ignacio Mantaras, present\u00f3 la norma declaratoria a tratamiento de la Comisi\u00f3n y expusieron los impactos y p\u00e9rdidas agropecuarias que las mismas ocasionaron en el territorio.<\/p>\n\n\n\n<p>De tal modo, en an\u00e1lisis del Decreto Provincial de Santa Fe N\u00b0 1.936, del 16 de octubre de 2024, se declar\u00f3 el estado de emergencia y\/o desastre agropecuario, seg\u00fan corresponda, desde el 1\u00b0 de septiembre de 2024 y hasta el 28 de febrero de 2025, a las explotaciones agropecuarias afectadas por sequ\u00eda, en la totalidad de los departamentos de 9 de Julio, Vera, General Obligado y San Crist\u00f3bal de la Provincia.<\/p>\n\n\n\n<p>Adem\u00e1s, participaron los miembros estables de la CNEyDA en representaci\u00f3n de sus organismos, INTA; las carteras nacionales del Interior y de Econom\u00eda; la Agencia de Recaudaci\u00f3n y Control Aduanero (ARCA); el Banco Central de la Rep\u00fablica Argentina (BCRA) y el Banco de la Naci\u00f3n Argentina (BNA); el Servicio Meteorol\u00f3gico Nacional (SMN); las entidades agropecuarias, y otros representantes t\u00e9cnicos provinciales<\/p>\n","protected":false},"excerpt":{"rendered":"<p>La decisi\u00f3n se tom\u00f3 a partir de la recomendaci\u00f3n realizada por la Comisi\u00f3n Nacional de Emergencias y Desastres Agropecuarios, que analiz\u00f3 la situaci\u00f3n y alcances del d\u00e9ficit h\u00eddrico en las zonas productivas del norte provincial. El Ministro de Econom\u00eda, Luis Caputo, firm\u00f3 la Resoluci\u00f3n 1297\/2024 que declara de emergencia agropecuaria para Santa Fe, tras el [&hellip;]<\/p>\n","protected":false},"author":11,"featured_media":2777,"comment_status":"open","ping_status":"open","sticky":false,"template":"","format":"standard","meta":{"footnotes":""},"categories":[24],"tags":[],"class_list":{"0":"post-2776","1":"post","2":"type-post","3":"status-publish","4":"format-standard","5":"has-post-thumbnail","7":"category-economia"},"aioseo_notices":[],"_links":{"self":[{"href":"https:\/\/lalupa24.com.ar\/index.php\/wp-json\/wp\/v2\/posts\/2776","targetHints":{"allow":["GET"]}}],"collection":[{"href":"https:\/\/lalupa24.com.ar\/index.php\/wp-json\/wp\/v2\/posts"}],"about":[{"href":"https:\/\/lalupa24.com.ar\/index.php\/wp-json\/wp\/v2\/types\/post"}],"author":[{"embeddable":true,"href":"https:\/\/lalupa24.com.ar\/index.php\/wp-json\/wp\/v2\/users\/11"}],"replies":[{"embeddable":true,"href":"https:\/\/lalupa24.com.ar\/index.php\/wp-json\/wp\/v2\/comments?post=2776"}],"version-history":[{"count":1,"href":"https:\/\/lalupa24.com.ar\/index.php\/wp-json\/wp\/v2\/posts\/2776\/revisions"}],"predecessor-version":[{"id":2778,"href":"https:\/\/lalupa24.com.ar\/index.php\/wp-json\/wp\/v2\/posts\/2776\/revisions\/2778"}],"wp:featuredmedia":[{"embeddable":true,"href":"https:\/\/lalupa24.com.ar\/index.php\/wp-json\/wp\/v2\/media\/2777"}],"wp:attachment":[{"href":"https:\/\/lalupa24.com.ar\/index.php\/wp-json\/wp\/v2\/media?parent=2776"}],"wp:term":[{"taxonomy":"category","embeddable":true,"href":"https:\/\/lalupa24.com.ar\/index.php\/wp-json\/wp\/v2\/categories?post=2776"},{"taxonomy":"post_tag","embeddable":true,"href":"https:\/\/lalupa24.com.ar\/index.php\/wp-json\/wp\/v2\/tags?post=2776"}],"curies":[{"name":"wp","href":"https:\/\/api.w.org\/{rel}","templated":true}]}}