{"id":2779,"date":"2024-12-04T09:27:35","date_gmt":"2024-12-04T12:27:35","guid":{"rendered":"https:\/\/lalupa24.com.ar\/?p=2779"},"modified":"2024-12-04T09:27:35","modified_gmt":"2024-12-04T12:27:35","slug":"produccion-junto-al-sector-forestal-en-castelli","status":"publish","type":"post","link":"https:\/\/lalupa24.com.ar\/index.php\/2024\/12\/04\/produccion-junto-al-sector-forestal-en-castelli\/","title":{"rendered":"PRODUCCI\u00d3N JUNTO AL SECTOR FORESTAL EN CASTELLI"},"content":{"rendered":"\n<p>El ministro de la Producci\u00f3n y el Desarrollo Econ\u00f3mico Sostenible del Chaco, V\u00edctor Zimmermann, se reuni\u00f3 en Juan Jos\u00e9 Castelli con productores forestales enrolados en la APIF (Asociaci\u00f3n de Productores de la Industria Forestal), quienes plantearon la necesidad de seguir avanzando en la articulaci\u00f3n de pol\u00edticas y acciones futuras que permitan fortalecer al sector forestal de la provincia.<\/p>\n\n\n\n<p>\u201cEscuchamos las propuestas y vamos a avanzar, cumpliendo con el compromiso del Gobernador Leandro Zdero de trabajar por y para la producci\u00f3n chaque\u00f1a\u201d, sostuvo Zimmermann.<\/p>\n\n\n\n<p>El ministro destac\u00f3, por otra parte, la importancia de los diferentes puntos que fueron presentados por la comisi\u00f3n directiva de APIF y ratific\u00f3 el compromiso de trabajar en las mismas: \u201cJunto al equipo que me acompa\u00f1a veremos c\u00f3mo articulamos las distintas acciones. Quiero destacar el pedido del gobernador Zdero, que es trabajar por y para la producci\u00f3n. Vamos a seguir en esa l\u00ednea con mucha fuerza para generar un cambio rotundo y lograr que nuestra producci\u00f3n pueda llegar a otros mercados internacionales\u201d.<\/p>\n\n\n\n<p>Durante la reuni\u00f3n, el funcionario provincial les comparti\u00f3 a los productores forestales \u201cel estado de las gestiones que junto al gobernador Zdero realiza el Ministerio de la Producci\u00f3n ante la Naci\u00f3n, para lograr la validaci\u00f3n de la ley de Ordenamiento Territorial de Bosques Nativos, OTBN\u201d.<\/p>\n\n\n\n<p>Quienes asistieron al encuentro, calificaron al mismo como &#8220;un paso fundamental en el camino hacia un mayor di\u00e1logo y colaboraci\u00f3n entre el Gobierno provincial y los productores forestales&#8221;.<\/p>\n\n\n\n<p>En este sentido, tambi\u00e9n el presidente de APIF, Fabi\u00e1n Ulrich, destac\u00f3 el gesto del ministro Zimmermann de escuchar las propuestas del sector forestal, sentimos que se abren las puertas para trabajar juntos. Estamos ansiosos por articular nuestras actividades con el Gobierno del Chaco y esperamos seguir avanzando\u201d, destac\u00f3 Ulrich, al t\u00e9rmino de la reuni\u00f3n.<\/p>\n\n\n\n<p>Finalmente, el dirigente apunt\u00f3 que los productores forestales calificaron a la reuni\u00f3n como una oportunidad concreta para mejorar sus condiciones y fortalecer la actividad econ\u00f3mica, punto vital para el desarrollo del Chaco.<\/p>\n\n\n\n<p>En la oportunidad, el ministro estuvo acompa\u00f1ado por subsecretarios Orlando Moran (Coordinaci\u00f3n), Julio Fantin (Agricultura) y Oscar Navarro (Desarrollo Forestal), Carlos Corsi (Proder) y el ing. Fernando Ria\u00f1o; adem\u00e1s participaron el intendente P\u00edo Oscar Sander, el diputado Sebasti\u00e1n Lazzarini, entre otras autoridades.<\/p>\n","protected":false},"excerpt":{"rendered":"<p>El ministro de la Producci\u00f3n y el Desarrollo Econ\u00f3mico Sostenible del Chaco, V\u00edctor Zimmermann, se reuni\u00f3 en Juan Jos\u00e9 Castelli con productores forestales enrolados en la APIF (Asociaci\u00f3n de Productores de la Industria Forestal), quienes plantearon la necesidad de seguir avanzando en la articulaci\u00f3n de pol\u00edticas y acciones futuras que permitan fortalecer al sector forestal [&hellip;]<\/p>\n","protected":false},"author":11,"featured_media":2780,"comment_status":"open","ping_status":"open","sticky":false,"template":"","format":"standard","meta":{"footnotes":""},"categories":[27],"tags":[],"class_list":{"0":"post-2779","1":"post","2":"type-post","3":"status-publish","4":"format-standard","5":"has-post-thumbnail","7":"category-interior"},"aioseo_notices":[],"_links":{"self":[{"href":"https:\/\/lalupa24.com.ar\/index.php\/wp-json\/wp\/v2\/posts\/2779","targetHints":{"allow":["GET"]}}],"collection":[{"href":"https:\/\/lalupa24.com.ar\/index.php\/wp-json\/wp\/v2\/posts"}],"about":[{"href":"https:\/\/lalupa24.com.ar\/index.php\/wp-json\/wp\/v2\/types\/post"}],"author":[{"embeddable":true,"href":"https:\/\/lalupa24.com.ar\/index.php\/wp-json\/wp\/v2\/users\/11"}],"replies":[{"embeddable":true,"href":"https:\/\/lalupa24.com.ar\/index.php\/wp-json\/wp\/v2\/comments?post=2779"}],"version-history":[{"count":1,"href":"https:\/\/lalupa24.com.ar\/index.php\/wp-json\/wp\/v2\/posts\/2779\/revisions"}],"predecessor-version":[{"id":2781,"href":"https:\/\/lalupa24.com.ar\/index.php\/wp-json\/wp\/v2\/posts\/2779\/revisions\/2781"}],"wp:featuredmedia":[{"embeddable":true,"href":"https:\/\/lalupa24.com.ar\/index.php\/wp-json\/wp\/v2\/media\/2780"}],"wp:attachment":[{"href":"https:\/\/lalupa24.com.ar\/index.php\/wp-json\/wp\/v2\/media?parent=2779"}],"wp:term":[{"taxonomy":"category","embeddable":true,"href":"https:\/\/lalupa24.com.ar\/index.php\/wp-json\/wp\/v2\/categories?post=2779"},{"taxonomy":"post_tag","embeddable":true,"href":"https:\/\/lalupa24.com.ar\/index.php\/wp-json\/wp\/v2\/tags?post=2779"}],"curies":[{"name":"wp","href":"https:\/\/api.w.org\/{rel}","templated":true}]}}