{"id":2795,"date":"2024-11-21T00:35:19","date_gmt":"2024-11-21T03:35:19","guid":{"rendered":"https:\/\/lalupa24.com.ar\/?p=2795"},"modified":"2024-12-05T00:39:46","modified_gmt":"2024-12-05T03:39:46","slug":"zdero-y-roy-constataron-el-avance-de-obras-de-pavimentacion-en-villa-san-martin","status":"publish","type":"post","link":"https:\/\/lalupa24.com.ar\/index.php\/2024\/11\/21\/zdero-y-roy-constataron-el-avance-de-obras-de-pavimentacion-en-villa-san-martin\/","title":{"rendered":"Zdero y Roy constataron el avance de obras de pavimentaci\u00f3n en villa san Mart\u00edn"},"content":{"rendered":"\n<p><\/p>\n\n\n\n<p>El gobernador Leandro Zdero junto al intendente de Resistencia, Roy Nikisch, supervisaron, este jueves, el avance de obras de pavimentaci\u00f3n de diferentes cuadras en Villa San Mart\u00edn, ubicadas entre Monteagudo y Jos\u00e9 Hern\u00e1ndez. <em>Los trabajos estar\u00edan concluidos para mediados de diciembre.<\/em><\/p>\n\n\n\n<p>El primer mandatario provincial indic\u00f3 que los trabajos registran avances importantes pese a las inclemencias clim\u00e1ticas. &#8220;Es un trabajo articulado con el Municipio de Resistencia desde Vialidad Provincial, se necesita un esfuerzo compartido y coincidimos en que se precisaba cerrar el damero para seguir uniendo la Ciudad&#8221;.<\/p>\n\n\n\n<p>Adem\u00e1s, destac\u00f3 que estas obras generar\u00e1n mayor conectividad, lo cual a su vez &#8220;permite m\u00e1s desarrollo y realzar el perfil urbano del barrio&#8221;. &#8220;Habl\u00e1bamos con un vecina que esper\u00f3 toda la vida el pavimento, vive hace m\u00e1s de 50 a\u00f1os en este barrio, y era lo que m\u00e1s anhelaba pero nunca se pod\u00eda dar, estando solo a media cuadra de las calles pavimentadas&#8221;, concluy\u00f3 el gobernador Zdero.<\/p>\n","protected":false},"excerpt":{"rendered":"<p>El gobernador Leandro Zdero junto al intendente de Resistencia, Roy Nikisch, supervisaron, este jueves, el avance de obras de pavimentaci\u00f3n de diferentes cuadras en Villa San Mart\u00edn, ubicadas entre Monteagudo y Jos\u00e9 Hern\u00e1ndez. Los trabajos estar\u00edan concluidos para mediados de diciembre. El primer mandatario provincial indic\u00f3 que los trabajos registran avances importantes pese a las [&hellip;]<\/p>\n","protected":false},"author":2,"featured_media":2796,"comment_status":"open","ping_status":"open","sticky":false,"template":"","format":"standard","meta":{"footnotes":""},"categories":[28],"tags":[],"class_list":{"0":"post-2795","1":"post","2":"type-post","3":"status-publish","4":"format-standard","5":"has-post-thumbnail","7":"category-locales"},"aioseo_notices":[],"_links":{"self":[{"href":"https:\/\/lalupa24.com.ar\/index.php\/wp-json\/wp\/v2\/posts\/2795","targetHints":{"allow":["GET"]}}],"collection":[{"href":"https:\/\/lalupa24.com.ar\/index.php\/wp-json\/wp\/v2\/posts"}],"about":[{"href":"https:\/\/lalupa24.com.ar\/index.php\/wp-json\/wp\/v2\/types\/post"}],"author":[{"embeddable":true,"href":"https:\/\/lalupa24.com.ar\/index.php\/wp-json\/wp\/v2\/users\/2"}],"replies":[{"embeddable":true,"href":"https:\/\/lalupa24.com.ar\/index.php\/wp-json\/wp\/v2\/comments?post=2795"}],"version-history":[{"count":1,"href":"https:\/\/lalupa24.com.ar\/index.php\/wp-json\/wp\/v2\/posts\/2795\/revisions"}],"predecessor-version":[{"id":2797,"href":"https:\/\/lalupa24.com.ar\/index.php\/wp-json\/wp\/v2\/posts\/2795\/revisions\/2797"}],"wp:featuredmedia":[{"embeddable":true,"href":"https:\/\/lalupa24.com.ar\/index.php\/wp-json\/wp\/v2\/media\/2796"}],"wp:attachment":[{"href":"https:\/\/lalupa24.com.ar\/index.php\/wp-json\/wp\/v2\/media?parent=2795"}],"wp:term":[{"taxonomy":"category","embeddable":true,"href":"https:\/\/lalupa24.com.ar\/index.php\/wp-json\/wp\/v2\/categories?post=2795"},{"taxonomy":"post_tag","embeddable":true,"href":"https:\/\/lalupa24.com.ar\/index.php\/wp-json\/wp\/v2\/tags?post=2795"}],"curies":[{"name":"wp","href":"https:\/\/api.w.org\/{rel}","templated":true}]}}