{"id":2841,"date":"2024-12-06T08:11:00","date_gmt":"2024-12-06T11:11:00","guid":{"rendered":"https:\/\/lalupa24.com.ar\/?p=2841"},"modified":"2024-12-06T02:14:32","modified_gmt":"2024-12-06T05:14:32","slug":"domingo-de-maraton-para-concientizar-sobre-el-trastorno-de-espectro-autista","status":"publish","type":"post","link":"https:\/\/lalupa24.com.ar\/index.php\/2024\/12\/06\/domingo-de-maraton-para-concientizar-sobre-el-trastorno-de-espectro-autista\/","title":{"rendered":"Domingo de marat\u00f3n para concientizar sobre el trastorno de espectro autista"},"content":{"rendered":"\n<p><\/p>\n\n\n\n<p>En el Parque de la Democracia se llev\u00f3 a cabo el anuncio de la Marat\u00f3n Azul, que se llevar\u00e1 a cabo el domingo 8 de diciembre, organizada por la Fundaci\u00f3n Alma Libre. La Municipalidad de Resistencia brinda apoyo a esta actividad por medio de la Secretaria de Desarrollo Humano, la Subsecretar\u00eda de Deportes, la Direcci\u00f3n de Tr\u00e1nsito y Transporte y el \u00e1rea de Enfermer\u00eda.<\/p>\n\n\n\n<p>El recorrido comienza en el Domo del Centenario, sigue por avenida Lavalle, y luego por avenida Sarmiento. La primera etapa de dos kil\u00f3metros concluye en esa esquina. El tramo que es de cinco kil\u00f3metros termina en avenida Rissione y, el recorrido m\u00e1s largo, que es de ocho kil\u00f3metro, concluye en el Monumento a los Ca\u00eddos. La inscripci\u00f3n se puede realizar a trav\u00e9s de las redes sociales de la organizaci\u00f3n.<\/p>\n\n\n\n<p>La presidente de la Fundaci\u00f3n, Belinda Rojas, agradeci\u00f3 el acompa\u00f1amiento del Municipio y destac\u00f3: &#8220;Estamos sorprendidas de la estructura que tienen y del amor con que nos recibieron, porque por ah\u00ed tenemos olvidados los valores humanos de la empat\u00eda, la calidez, la apertura y sobre todo, en el caso del autismo estamos un poco excluidos entonces esta Marat\u00f3n es un oportunidad de llegar a m\u00e1s gente&#8221;.<\/p>\n\n\n\n<p>Acompa\u00f1ando el anuncio estuvo el secretario de Desarrollo Humano, Pablo Mujica, quien expres\u00f3: &#8220;Este es un gran evento porque se trata de concientizar y de usar el deporte como herramienta para que los ciudadanos hablemos de las cuestiones que tenemos que hablar y la inclusi\u00f3n debe ser un tema de conversaci\u00f3n, por eso valoramos este compromiso de la Fundaci\u00f3n Alma Libre para que dialoguemos sobre el Trastorno de Espectro Autista en esta semana de la Discapacidad para ver como generamos una inclusi\u00f3n real&#8221;.<\/p>\n\n\n\n<p>En la conferencia de prensa estuvieron presentes, la concejal Miriam Jara; el subsecretario de Deportes, Fabi\u00e1n Maffei; el subsecretario de Tr\u00e1nsito y Transporte, Dar\u00edo Sardi; la subsecretaria de Integraci\u00f3n Comunitaria, Patricia Romero; y representantes de la Fundaci\u00f3n Alma Libre.<\/p>\n","protected":false},"excerpt":{"rendered":"<p>En el Parque de la Democracia se llev\u00f3 a cabo el anuncio de la Marat\u00f3n Azul, que se llevar\u00e1 a cabo el domingo 8 de diciembre, organizada por la Fundaci\u00f3n Alma Libre. La Municipalidad de Resistencia brinda apoyo a esta actividad por medio de la Secretaria de Desarrollo Humano, la Subsecretar\u00eda de Deportes, la Direcci\u00f3n [&hellip;]<\/p>\n","protected":false},"author":2,"featured_media":2842,"comment_status":"open","ping_status":"open","sticky":false,"template":"","format":"standard","meta":{"footnotes":""},"categories":[100,28],"tags":[],"class_list":{"0":"post-2841","1":"post","2":"type-post","3":"status-publish","4":"format-standard","5":"has-post-thumbnail","7":"category-deportes","8":"category-locales"},"aioseo_notices":[],"_links":{"self":[{"href":"https:\/\/lalupa24.com.ar\/index.php\/wp-json\/wp\/v2\/posts\/2841","targetHints":{"allow":["GET"]}}],"collection":[{"href":"https:\/\/lalupa24.com.ar\/index.php\/wp-json\/wp\/v2\/posts"}],"about":[{"href":"https:\/\/lalupa24.com.ar\/index.php\/wp-json\/wp\/v2\/types\/post"}],"author":[{"embeddable":true,"href":"https:\/\/lalupa24.com.ar\/index.php\/wp-json\/wp\/v2\/users\/2"}],"replies":[{"embeddable":true,"href":"https:\/\/lalupa24.com.ar\/index.php\/wp-json\/wp\/v2\/comments?post=2841"}],"version-history":[{"count":1,"href":"https:\/\/lalupa24.com.ar\/index.php\/wp-json\/wp\/v2\/posts\/2841\/revisions"}],"predecessor-version":[{"id":2843,"href":"https:\/\/lalupa24.com.ar\/index.php\/wp-json\/wp\/v2\/posts\/2841\/revisions\/2843"}],"wp:featuredmedia":[{"embeddable":true,"href":"https:\/\/lalupa24.com.ar\/index.php\/wp-json\/wp\/v2\/media\/2842"}],"wp:attachment":[{"href":"https:\/\/lalupa24.com.ar\/index.php\/wp-json\/wp\/v2\/media?parent=2841"}],"wp:term":[{"taxonomy":"category","embeddable":true,"href":"https:\/\/lalupa24.com.ar\/index.php\/wp-json\/wp\/v2\/categories?post=2841"},{"taxonomy":"post_tag","embeddable":true,"href":"https:\/\/lalupa24.com.ar\/index.php\/wp-json\/wp\/v2\/tags?post=2841"}],"curies":[{"name":"wp","href":"https:\/\/api.w.org\/{rel}","templated":true}]}}