{"id":2853,"date":"2025-01-03T20:10:41","date_gmt":"2025-01-03T23:10:41","guid":{"rendered":"https:\/\/lalupa24.com.ar\/?p=2853"},"modified":"2025-01-05T20:13:11","modified_gmt":"2025-01-05T23:13:11","slug":"villa-angela-el-gobernador-zdero-entrego-ambulancias-para-reforzar-el-sistema-sanitario-en-6-localidades","status":"publish","type":"post","link":"https:\/\/lalupa24.com.ar\/index.php\/2025\/01\/03\/villa-angela-el-gobernador-zdero-entrego-ambulancias-para-reforzar-el-sistema-sanitario-en-6-localidades\/","title":{"rendered":"Villa Angela el Gobernador Zdero entreg\u00f3 ambulancias para reforzar el sistema sanitario en 6 localidades"},"content":{"rendered":"\n<p>Las unidades, adquiridas con recursos provinciales, fueron destinadas a los hospitales de Villa \u00c1ngela, Santa Sylvina, Villa Berthet, Gancedo, Charata y Las Bre\u00f1as.<\/p>\n\n\n\n<p>El gobernador Leandro Zdero, junto a la vicegobernadora Silvana Schneider y al ministro de Salud Sergio Rodr\u00edguez, entreg\u00f3 este viernes en el hospital de Villa \u00c1ngela seis ambulancias para esa localidad, tambi\u00e9n a Santa Sylvina, Villa Berthet, Gancedo, Charata y Las Bre\u00f1as. \u201cEstas acciones son posibles gracias a la decisi\u00f3n pol\u00edtica que hemos tomado de ordenar los recursos de la provincia y afianzar y fortalecer el sistema sanitario provincial\u201d, remarc\u00f3.<\/p>\n\n\n\n<p>Las unidades fueron adquiridas con recursos provinciales, tres de ellas financiadas a trav\u00e9s del remate de veh\u00edculos en desuso que el Estado llev\u00f3 a cabo recientemente. \u201cHoy incorporamos estas unidades de alta tecnolog\u00eda y lo seguiremos haciendo durante enero para nuevas localidades con recursos propios, de todos los chaque\u00f1os\u201d, apunt\u00f3.<\/p>\n\n\n\n<p>\u201cVale la pena el esfuerzo que estamos haciendo cuando vemos resultados concretos, a\u00fan en un momento econ\u00f3mico tan complejo y cr\u00edtico\u201d, sostuvo e hizo hincapi\u00e9 en la necesidad de cuidar los veh\u00edculos del Estado para evitar que \u201cvayan a parar al cementerio de ambulancias que qued\u00f3 de la gesti\u00f3n anterior\u201d.<\/p>\n\n\n\n<p>El primer mandatario provincial indic\u00f3 que todas las acciones que se implementan en materia de salud, tienen que ver con un cambio de paradigma y una visi\u00f3n integral de la salud como un sistema. El objetivo es lograr mayor eficacia. \u201cLos primeros meses de gesti\u00f3n nos encontramos con la falta de medicamentos y la acumulaci\u00f3n en galpones de otros vencidos, con una sa\u00f1a que nunca antes se vio en la provincia ni en el pa\u00eds. Pero con esfuerzo, normalizamos la compra de insumos, medicamentos y equipamiento y estamos trabajando para producir cambios trascendentales\u201d, indic\u00f3.<\/p>\n\n\n\n<p>En ese sentido record\u00f3 que este a\u00f1o se realiz\u00f3 la compra de medicamentos e insumos para que lleguen, semana a semana, a todos los hospitales y centros de salud. \u201cAdem\u00e1s, di instrucciones precisas al Ministerio de Salud para comenzar a trabajar en un plan de regularizaci\u00f3n de los recursos humanos para garantizar trabajo seguro, seguridad social y certidumbre para los trabajadores\u201d, dijo y cit\u00f3 como ejemplo el plan de regularizaci\u00f3n progresiva de los becados del programa Expertos y de pueblos originarios.<\/p>\n\n\n\n<p>Por \u00faltimo, reiter\u00f3 que la gesti\u00f3n que lleva adelante est\u00e1 enfocada en ordenar econ\u00f3mica y financieramente la provincia del Chaco que era la m\u00e1s endeudada del pa\u00eds. \u201cY a pesar de eso, seguimos comprando medicamentos, pagando sueldos y ejecutando y terminando obras\u201d, concluy\u00f3. Acompa\u00f1aron al gobernador el subsecretario de Municipios, Marcelo Barrios; la directora del Hospital Salvador Mazza, Roxana Mancuello y la intendente de Santa Sylvina; Susana Maggio.<\/p>\n\n\n\n<p>Cambio de paradigma<\/p>\n\n\n\n<p>Rodr\u00edguez explic\u00f3 que el cambio de paradigma implica una visi\u00f3n de la salud como un sistema en el que todos los sectores trabajan articuladamente. \u201cEstamos entregando ambulancias por regiones. Si bien cada veh\u00edculo tiene base en una localidad, prestan servicios para toda una regi\u00f3n\u201d, aclar\u00f3.<\/p>\n\n\n\n<p>Para ello durante el primer a\u00f1o de gesti\u00f3n se realiz\u00f3 un relevamiento del sistema sanitario para proceder a ordenarlo, y avanzar en su fortalecimiento. \u201cEstamos muy felices con la compra de estas ambulancias y le pedimos a la ciudadan\u00eda que cuiden lo que tanto cost\u00f3 conseguir\u201d, expres\u00f3.<\/p>\n\n\n\n<p>\u201cRecibimos esta ambulancia con alta tecnolog\u00eda y capacitaci\u00f3n a los choferes, como tambi\u00e9n a la directora del hospital. Nos hac\u00eda falta una ambulancia de este tipo, que sirva no solo a la ciudad, sino tambi\u00e9n a todo el departamento\u201d, indic\u00f3 por su parte Susana Maggio. En tanto que la directora del hospital de Villa \u00c1ngela, Rosana Mancuello, dijo que la nueva adquisici\u00f3n era un gran anhelo de la localidad. \u201cSent\u00ed una enorme emoci\u00f3n cuando el gobernador me dio la llave y con mucha expectativa ya que nos informaron que en marzo va a haber otra entrega\u201d, finaliz\u00f3.<\/p>\n","protected":false},"excerpt":{"rendered":"<p>Las unidades, adquiridas con recursos provinciales, fueron destinadas a los hospitales de Villa \u00c1ngela, Santa Sylvina, Villa Berthet, Gancedo, Charata y Las Bre\u00f1as. El gobernador Leandro Zdero, junto a la vicegobernadora Silvana Schneider y al ministro de Salud Sergio Rodr\u00edguez, entreg\u00f3 este viernes en el hospital de Villa \u00c1ngela seis ambulancias para esa localidad, tambi\u00e9n [&hellip;]<\/p>\n","protected":false},"author":11,"featured_media":2854,"comment_status":"open","ping_status":"open","sticky":false,"template":"","format":"standard","meta":{"footnotes":""},"categories":[27],"tags":[],"class_list":{"0":"post-2853","1":"post","2":"type-post","3":"status-publish","4":"format-standard","5":"has-post-thumbnail","7":"category-interior"},"aioseo_notices":[],"_links":{"self":[{"href":"https:\/\/lalupa24.com.ar\/index.php\/wp-json\/wp\/v2\/posts\/2853","targetHints":{"allow":["GET"]}}],"collection":[{"href":"https:\/\/lalupa24.com.ar\/index.php\/wp-json\/wp\/v2\/posts"}],"about":[{"href":"https:\/\/lalupa24.com.ar\/index.php\/wp-json\/wp\/v2\/types\/post"}],"author":[{"embeddable":true,"href":"https:\/\/lalupa24.com.ar\/index.php\/wp-json\/wp\/v2\/users\/11"}],"replies":[{"embeddable":true,"href":"https:\/\/lalupa24.com.ar\/index.php\/wp-json\/wp\/v2\/comments?post=2853"}],"version-history":[{"count":1,"href":"https:\/\/lalupa24.com.ar\/index.php\/wp-json\/wp\/v2\/posts\/2853\/revisions"}],"predecessor-version":[{"id":2855,"href":"https:\/\/lalupa24.com.ar\/index.php\/wp-json\/wp\/v2\/posts\/2853\/revisions\/2855"}],"wp:featuredmedia":[{"embeddable":true,"href":"https:\/\/lalupa24.com.ar\/index.php\/wp-json\/wp\/v2\/media\/2854"}],"wp:attachment":[{"href":"https:\/\/lalupa24.com.ar\/index.php\/wp-json\/wp\/v2\/media?parent=2853"}],"wp:term":[{"taxonomy":"category","embeddable":true,"href":"https:\/\/lalupa24.com.ar\/index.php\/wp-json\/wp\/v2\/categories?post=2853"},{"taxonomy":"post_tag","embeddable":true,"href":"https:\/\/lalupa24.com.ar\/index.php\/wp-json\/wp\/v2\/tags?post=2853"}],"curies":[{"name":"wp","href":"https:\/\/api.w.org\/{rel}","templated":true}]}}