{"id":2862,"date":"2024-12-09T00:40:53","date_gmt":"2024-12-09T03:40:53","guid":{"rendered":"https:\/\/lalupa24.com.ar\/?p=2862"},"modified":"2025-01-06T00:43:25","modified_gmt":"2025-01-06T03:43:25","slug":"el-gobierno-entrego-los-certificados-de-la-capacitacion-camino-emprendedor","status":"publish","type":"post","link":"https:\/\/lalupa24.com.ar\/index.php\/2024\/12\/09\/el-gobierno-entrego-los-certificados-de-la-capacitacion-camino-emprendedor\/","title":{"rendered":"El gobierno entrego los certificados de la capacitaci\u00f3n &#8220;Camino emprendedor&#8221;"},"content":{"rendered":"\n<p>El ministro de la Producci\u00f3n y el Desarrollo Sostenible de la provincia, V\u00edctor Zimmermann,\u00a0 encabez\u00f3 este lunes el acto de entrega de certificados de la capacitaci\u00f3n \u201cCamino Emprendedor\u201d. M\u00e1s de 300 personas del \u00e1rea metropolitana y del interior incorporaron herramientas para potenciar sus emprendimientos, comercios e industrias, en la primera experiencia de esta propuesta.<br><br>\u201cCamino emprendedor\u201d es organizado por el gobierno provincial junto al gobierno nacional, con la participaci\u00f3n de la C\u00e1mara de Comercio del Interior, CAME, y Federaci\u00f3n Econ\u00f3mica. \u201cEstamos orgullosos de poder articular con el gobierno nacional este programa que permite formaci\u00f3n para nuestros emprendedores, tambi\u00e9n en el perfil de c\u00e1maras y servicios de atenci\u00f3n al cliente, como as\u00ed tambi\u00e9n el programa de econom\u00eda del conocimiento\u201d, explic\u00f3 el ministro Zimermman.<\/p>\n\n\n\n<p>De esta manera, valor\u00f3 la propuesta y asegur\u00f3: \u201cLos nuevos empleos exigen otro tipo de capacitaciones y hay que estar al d\u00eda para eso y generar instrumentos\u201d. El ministerio de Producci\u00f3n, a trav\u00e9s de la Secretaria de Emprendedurismo, \u00e1reas de Industria y Comercio, acompa\u00f1\u00f3 con log\u00edstica en las capacitaciones virtuales y presenciales.<\/p>\n\n\n\n<p>El ministro resalt\u00f3 que la convocatoria fue exitosa y se super\u00f3 los cupos vacantes, por lo cual se trabajar\u00e1 para replicar la experiencia el a\u00f1o entrante. \u201cTenemos el compromiso del a\u00f1o pr\u00f3ximo redoblar el esfuerzo para capacitar a m\u00e1s chaque\u00f1os, para poner a disposici\u00f3n de todos los sectores los avances de ciencia y t\u00e9cnica y la t\u00e9cnica aplicada. El desaf\u00edo es generar empleo privado y para ello esto es primordial\u201d, asegur\u00f3 el funcionario.<\/p>\n\n\n\n<p>Por su parte, el director nacional de Apoyo al Desarrollo Emprendedor, Alan Plummer, expres\u00f3: \u201cEstamos brindando herramientas para que las personas potencien sus emprendimientos, otras que consigan un mejor puesto laboral y para que aquellas que est\u00e9n desempleadas puedan ser tomadas en alguna empresa\u201d. Asi, destac\u00f3 el acompa\u00f1amiento del Gobierno chaque\u00f1o, los municipios, c\u00e1maras empresariales y otros organismos privados locales que apoyaron la iniciativa.<\/p>\n\n\n\n<p>El funcionario nacional agreg\u00f3 que el objetivo es llegar a todo el pa\u00eds con capacitaciones a trav\u00e9s de una plataforma de capacitaci\u00f3n masiva, que cuenta con el acompa\u00f1amiento de 24 organizaciones privadas y que se sumaron poniendo sus cursos de formaci\u00f3n a disposici\u00f3n. Asegur\u00f3 que la plataforma es un gran \u00e9xito ya que m\u00e1s de 500.000 personas la visitaron y m\u00e1s de 55.000 se inscribieron en alg\u00fan curso.<\/p>\n\n\n\n<p>Estuvieron presentes el ministro de Gobierno, Jorge G\u00f3mez; el subsecretario de Emprendedurismo Federico Budi\u00f1o; la subsecretar\u00eda de Trabajo, Capacitaci\u00f3n y Empleo Noel Ibarra; el presidente de la C\u00e1mara de Comercio de Resistencia Walter Bitsman; el secretario de Fechaco, Pablo Stazeusqui.<\/p>\n\n\n\n<p><strong>Trabajo articulado<\/strong><br>El ministro de Gobierno, Jorge G\u00f3mez remarc\u00f3 la importancia de la articulaci\u00f3n p\u00fablico &#8211; privada. \u201cEl estado en las condiciones que esta no puede absorber toda la capacidad que tiene la sociedad de la creaci\u00f3n de empleo y hasta este momento el Estado era el gran creador de empleo y nos encontramos con un Estado inmenso que pr\u00e1cticamente no se puede sostener\u201d, dijo.&nbsp;<br>En ese sentido indic\u00f3 que hoy la demanda de empleo no es la misma que exist\u00eda hace 20 a\u00f1os. \u201cHay nuevas formas de trabajo, como trabajo a distancia y ventas online y para todo esto se necesita capacitaci\u00f3n y esta capacitaci\u00f3n viene de la mano de este trabajo conjunto entre Naci\u00f3n y provincia para brindarle las herramientas necesarias a las personas que hacen el curso para estar en mejores condiciones para afrontar un empleo\u201d, explic\u00f3.<\/p>\n\n\n\n<p>Chaco, la primera provincia en implementar el programa&nbsp;<br>Subsecretario de Emprendedurismo&nbsp; Federico Budi\u00f1o, manifest\u00f3 su orgullo ante la situaci\u00f3n de que Chaco sea la primera provincia con la implementaci\u00f3n del programa. \u201cPara la provincia era una necesidad potenciar el emprendimiento, la empleabilidad y la innovaci\u00f3n\u201d, explic\u00f3.&nbsp;<br>Remarc\u00f3 que fue un trabajo en conjunto con Naci\u00f3n, pero tambi\u00e9n con los municipios: en 35 localidades se implement\u00f3 la capacitaci\u00f3n Formador de Formadores destinado a equipos t\u00e9cnicos municipales, lo que permitir\u00e1 descentralizar el trabajo de la subsecretar\u00eda de Emprendedurismo. \u201cEl desaf\u00edo para el 2025 es llegar a todas las localidades de la provincia\u201d, anticip\u00f3 Budi\u00f1o.&nbsp;<br>\u201cTenemos una provincia s\u00faper compleja en cuanto a emprendedurismo, ya que en t\u00e9rminos de emprendedores no es lo mismo un productor del sudoeste de la provincia que un gastron\u00f3mico del centro\u201d, explic\u00f3. Destac\u00f3 que con las capacitaciones los emprendedores adem\u00e1s de focalizarse en la cuesti\u00f3n financiera, tambi\u00e9n puede hacerlo en la promoci\u00f3n y difusi\u00f3n que es igual de importante para el crecimiento.<\/p>\n\n\n\n<p>La subsecretar\u00eda de Trabajo, Capacitaci\u00f3n y Empleo Noel Ibarra destac\u00f3 la gran cantidad de inscriptos en cada capacitaci\u00f3n y explic\u00f3 que fue por ello que desde el comienzo de la gesti\u00f3n es un tema prioritario. \u201cEl desempleo y la informalidad es una gran problem\u00e1tica en el Chaco desde siempre&nbsp; y por ello ten\u00edamos que darle herramientas para poder revertir esta situaci\u00f3n y&nbsp; acompa\u00f1ar a las pymes y a las empresas en la inserci\u00f3n de trabajadores\u201d, detall\u00f3.<\/p>\n","protected":false},"excerpt":{"rendered":"<p>El ministro de la Producci\u00f3n y el Desarrollo Sostenible de la provincia, V\u00edctor Zimmermann,\u00a0 encabez\u00f3 este lunes el acto de entrega de certificados de la capacitaci\u00f3n \u201cCamino Emprendedor\u201d. M\u00e1s de 300 personas del \u00e1rea metropolitana y del interior incorporaron herramientas para potenciar sus emprendimientos, comercios e industrias, en la primera experiencia de esta propuesta. \u201cCamino [&hellip;]<\/p>\n","protected":false},"author":11,"featured_media":2863,"comment_status":"open","ping_status":"open","sticky":false,"template":"","format":"standard","meta":{"footnotes":""},"categories":[1,28],"tags":[],"class_list":{"0":"post-2862","1":"post","2":"type-post","3":"status-publish","4":"format-standard","5":"has-post-thumbnail","7":"category-blog","8":"category-locales"},"aioseo_notices":[],"_links":{"self":[{"href":"https:\/\/lalupa24.com.ar\/index.php\/wp-json\/wp\/v2\/posts\/2862","targetHints":{"allow":["GET"]}}],"collection":[{"href":"https:\/\/lalupa24.com.ar\/index.php\/wp-json\/wp\/v2\/posts"}],"about":[{"href":"https:\/\/lalupa24.com.ar\/index.php\/wp-json\/wp\/v2\/types\/post"}],"author":[{"embeddable":true,"href":"https:\/\/lalupa24.com.ar\/index.php\/wp-json\/wp\/v2\/users\/11"}],"replies":[{"embeddable":true,"href":"https:\/\/lalupa24.com.ar\/index.php\/wp-json\/wp\/v2\/comments?post=2862"}],"version-history":[{"count":1,"href":"https:\/\/lalupa24.com.ar\/index.php\/wp-json\/wp\/v2\/posts\/2862\/revisions"}],"predecessor-version":[{"id":2864,"href":"https:\/\/lalupa24.com.ar\/index.php\/wp-json\/wp\/v2\/posts\/2862\/revisions\/2864"}],"wp:featuredmedia":[{"embeddable":true,"href":"https:\/\/lalupa24.com.ar\/index.php\/wp-json\/wp\/v2\/media\/2863"}],"wp:attachment":[{"href":"https:\/\/lalupa24.com.ar\/index.php\/wp-json\/wp\/v2\/media?parent=2862"}],"wp:term":[{"taxonomy":"category","embeddable":true,"href":"https:\/\/lalupa24.com.ar\/index.php\/wp-json\/wp\/v2\/categories?post=2862"},{"taxonomy":"post_tag","embeddable":true,"href":"https:\/\/lalupa24.com.ar\/index.php\/wp-json\/wp\/v2\/tags?post=2862"}],"curies":[{"name":"wp","href":"https:\/\/api.w.org\/{rel}","templated":true}]}}