{"id":2865,"date":"2024-12-10T00:43:29","date_gmt":"2024-12-10T03:43:29","guid":{"rendered":"https:\/\/lalupa24.com.ar\/?p=2865"},"modified":"2025-01-06T00:49:01","modified_gmt":"2025-01-06T03:49:01","slug":"balance-positivo-del-trabajo-del-concejo-de-educacion-provincial","status":"publish","type":"post","link":"https:\/\/lalupa24.com.ar\/index.php\/2024\/12\/10\/balance-positivo-del-trabajo-del-concejo-de-educacion-provincial\/","title":{"rendered":"Balance positivo del trabajo del concejo de educaci\u00f3n provincial"},"content":{"rendered":"\n<p>En la oportunidad, la ministra Naidenoff hizo un balance positivo del trabajo desarrollado por este cuerpo colegiado, con representaci\u00f3n de todos los actores de la comunidad educativa, el cual tiene injerencia con la pol\u00edtica educativa que desarrolla el Ministerio<strong>.<\/strong><br>Naidenoff expres\u00f3: \u201cEste equipo est\u00e1 haciendo bien las cosas, y lleva adelante un trabajo serio\u201d, afirmando que \u201ccomo pol\u00edtica educativa los ejes son: el aula, que los chicos aprendan, la alfabetizaci\u00f3n y lograr que dejemos de decir no comprenden lo que leen, es un trabajo de todos y el que aporte para eso, bienvenidos; y lo que sea necesario lo vamos a tratar de corregir, as\u00ed que les agradezco\u201d. Al respecto, destac\u00f3 el trabajo de seguimiento y acompa\u00f1amiento iniciado por el Consejo de Educaci\u00f3n en las escuelas p\u00fablicas de gesti\u00f3n social, respetando la norma y la reglamentaci\u00f3n recientemente aprobada por la Legislatura provincial.<br>Adem\u00e1s, la ministra agradeci\u00f3 el acompa\u00f1amiento que realizaron los miembros del Consejo a la realizaci\u00f3n de las elecciones de los representantes de los docentes y no docentes. \u201cEs un paradigma para romper, hay cosas que todav\u00eda no se entienden, que las elecciones son las elecciones; y los mandatos forman parte de la elecci\u00f3n del docente, no es una pr\u00f3rroga concedida por el que est\u00e1 de turno, as\u00ed no debe ser\u201d, afirm\u00f3 la ministra.\u00a0<br>Asimismo, mencion\u00f3 el trabajo iniciando en relaci\u00f3n a las licencias de los docentes, adelantando que se va a presentar un informe a fin de a\u00f1o.<br>Estuvo presente el presidente del Consejo de Educaci\u00f3n, Omar Maggio, los dem\u00e1s miembros oficiales, as\u00ed como los vocales representantes de los docentes, de los no docentes, de los estudiantes y de los padres.<br>Adem\u00e1s, acompa\u00f1aron la sesi\u00f3n ordinaria N\u00ba 10 del Consejo de Educaci\u00f3n, las subsecretarias de Educaci\u00f3n, Isabel Sanchuk, y de Descentralizaci\u00f3n Educativa, Marta Fassano.<br>Por su parte, Omar Maggio, presidente del Consejo de Educaci\u00f3n, valor\u00f3 y agradeci\u00f3 la presencia de la ministra Naidenoff en la \u00faltima sesi\u00f3n ordinaria del a\u00f1o, recordando que tambi\u00e9n estuvo presente en la primera de este 2024. \u201cEn el transcurso de este tiempo, que asumimos nuestra gesti\u00f3n en mayo, tuvimos 10 sesiones, m\u00e1s que importante si comparamos con otros a\u00f1os calendarios; y trabajamos en un ambiente de absoluta cordialidad con todos los miembros del Consejo, con las novedades de que, para el a\u00f1o pr\u00f3ximo, ya van a asumir los\u00a0 nuevos miembros electos a trav\u00e9s de las elecciones\u201d. Destac\u00f3: \u201cHemos discutido todos los proyectos que se han presentado en las distintas comisiones que integran los distintos miembros. Hemos arribado a acuerdos importantes y, sobre todo, tenemos una excelente y directa relaci\u00f3n con la ministra\u201d, afirm\u00f3 Maggio. \u00a0<br>Cabe se\u00f1alar que adem\u00e1s participaron de la \u00faltima sesi\u00f3n ordinaria los miembros oficiales:\u00a0 Aracelly Isabel Ebel, Mariana Cristina Ben\u00edtez,\u00a0 Milagros Agustina Ortega Nu\u00f1ez,\u00a0 Graciela Ester Judkevich y Claudia Patricia Giffi.<br>Los miembros electos son: Alejandra Clara Ditz, Jos\u00e9 Oscar Budimir, F\u00e9lix Deniz, Esteban Walter Jara y\u00a0 Mauro Javier Mart\u00ednez.<br>Los miembros que renunciaron por cuestiones personales son: Aurelia Eladia Beatriz Montenegro y Alcides Juan Manuel G\u00f3mez.<br>Los miembros que se incorporar\u00e1n el a\u00f1o que viene son: Cesar Fabricio Pav\u00f3n Lazovich y Horacio Alfredo L\u00f3pez Galv\u00e1n.<br>De los integrantes del cuerpo son miembros electos salientes: Esteban Walter Jara, Mauro Javier Mart\u00ednez, Diego Alejandro Ere\u00f1o y F\u00e9lix Deniz<\/p>\n","protected":false},"excerpt":{"rendered":"<p>En la oportunidad, la ministra Naidenoff hizo un balance positivo del trabajo desarrollado por este cuerpo colegiado, con representaci\u00f3n de todos los actores de la comunidad educativa, el cual tiene injerencia con la pol\u00edtica educativa que desarrolla el Ministerio.Naidenoff expres\u00f3: \u201cEste equipo est\u00e1 haciendo bien las cosas, y lleva adelante un trabajo serio\u201d, afirmando que [&hellip;]<\/p>\n","protected":false},"author":11,"featured_media":2866,"comment_status":"open","ping_status":"open","sticky":false,"template":"","format":"standard","meta":{"footnotes":""},"categories":[28],"tags":[],"class_list":{"0":"post-2865","1":"post","2":"type-post","3":"status-publish","4":"format-standard","5":"has-post-thumbnail","7":"category-locales"},"aioseo_notices":[],"_links":{"self":[{"href":"https:\/\/lalupa24.com.ar\/index.php\/wp-json\/wp\/v2\/posts\/2865","targetHints":{"allow":["GET"]}}],"collection":[{"href":"https:\/\/lalupa24.com.ar\/index.php\/wp-json\/wp\/v2\/posts"}],"about":[{"href":"https:\/\/lalupa24.com.ar\/index.php\/wp-json\/wp\/v2\/types\/post"}],"author":[{"embeddable":true,"href":"https:\/\/lalupa24.com.ar\/index.php\/wp-json\/wp\/v2\/users\/11"}],"replies":[{"embeddable":true,"href":"https:\/\/lalupa24.com.ar\/index.php\/wp-json\/wp\/v2\/comments?post=2865"}],"version-history":[{"count":1,"href":"https:\/\/lalupa24.com.ar\/index.php\/wp-json\/wp\/v2\/posts\/2865\/revisions"}],"predecessor-version":[{"id":2867,"href":"https:\/\/lalupa24.com.ar\/index.php\/wp-json\/wp\/v2\/posts\/2865\/revisions\/2867"}],"wp:featuredmedia":[{"embeddable":true,"href":"https:\/\/lalupa24.com.ar\/index.php\/wp-json\/wp\/v2\/media\/2866"}],"wp:attachment":[{"href":"https:\/\/lalupa24.com.ar\/index.php\/wp-json\/wp\/v2\/media?parent=2865"}],"wp:term":[{"taxonomy":"category","embeddable":true,"href":"https:\/\/lalupa24.com.ar\/index.php\/wp-json\/wp\/v2\/categories?post=2865"},{"taxonomy":"post_tag","embeddable":true,"href":"https:\/\/lalupa24.com.ar\/index.php\/wp-json\/wp\/v2\/tags?post=2865"}],"curies":[{"name":"wp","href":"https:\/\/api.w.org\/{rel}","templated":true}]}}