{"id":2887,"date":"2024-12-30T01:16:32","date_gmt":"2024-12-30T04:16:32","guid":{"rendered":"https:\/\/lalupa24.com.ar\/?p=2887"},"modified":"2025-01-06T01:19:16","modified_gmt":"2025-01-06T04:19:16","slug":"schneider-un-balance-del-programa-fortaleza-y-el-compromiso-firme-con-el-chaco","status":"publish","type":"post","link":"https:\/\/lalupa24.com.ar\/index.php\/2024\/12\/30\/schneider-un-balance-del-programa-fortaleza-y-el-compromiso-firme-con-el-chaco\/","title":{"rendered":"Schneider \u201cun balance del programa fortaleza y el compromiso firme con el chaco\u201d"},"content":{"rendered":"\n<p><\/p>\n\n\n\n<p>\u201cCuando asum\u00ed el desaf\u00edo de ser compa\u00f1era de f\u00f3rmula del arquitecto Leandro Zdero, para ser vicegobernadora del Chaco, lo hice con el compromiso firme de trabajar por el bienestar de cada una de las personas que habitan esta provincia\u201d.<\/p>\n\n\n\n<p>Este a\u00f1o, a trav\u00e9s del programa \u201cFortaleza\u201d, hemos reafirmado esa promesa, enfoc\u00e1ndonos en uno de los problemas m\u00e1s urgentes y complejos que enfrentamos: el consumo problem\u00e1tico.<br>\u201cFortaleza\u201d no es s\u00f3lo un programa; es una declaraci\u00f3n de intenciones y una acci\u00f3n concreta. Su prop\u00f3sito es claro: brindar herramientas de contenci\u00f3n, asistencia y reinserci\u00f3n social de quienes est\u00e1n atrapados en esta problem\u00e1tica y a sus familias, que tambi\u00e9n sufren las consecuencias. \u201cEste a\u00f1o, trabajamos intensamente con organizaciones sociales, instituciones educativas, referentes barriales y expertos en salud mental para implementar estrategias que sean inclusivas, accesibles y efectivas\u201d.<br>\u201cEn los encuentros que mantuvimos en distintas localidades del Chaco, recogimos testimonios conmovedores que refuerzan la necesidad de un abordaje integral. Escuchar a las familias, a los j\u00f3venes y a los profesionales de salud nos permitieron construir un programa m\u00e1s cercano a las realidades y necesidades de nuestra gente. Avanzamos en capacitaciones, jornadas de sensibilizaci\u00f3n y en la refuncionalizaci\u00f3n de espacios seguros, pero somos conscientes de que el camino por recorrer a\u00fan es largo.\u201d<\/p>\n\n\n\n<p>\u201cEl consumo problem\u00e1tico no discrimina; afecta a todas las edades, clases sociales y regiones. Por eso, no podemos enfrentarlo solos. Requiere el compromiso de toda la sociedad y de un Estado presente, articulando pol\u00edticas p\u00fablicas que aborden la prevenci\u00f3n, el tratamiento y la reinserci\u00f3n con una perspectiva integral. Necesitamos que las familias hablen del tema, que las escuelas lo incluyan en sus agendas, que los medios de comunicaci\u00f3n lo traten con responsabilidad y que las empresas tambi\u00e9n se sumen al esfuerzo colectivo\u201d.<br>\u201cNuestro objetivo para el 2025, es fortalecer las redes de contenci\u00f3n comunitaria y garantizar que ning\u00fan chaque\u00f1o quede fuera del sistema de atenci\u00f3n. Tambi\u00e9n queremos profundizar las campa\u00f1as de prevenci\u00f3n y ampliar los centros de asistencia para que sean m\u00e1s inclusivos y accesibles. Desde el gobierno provincial, estamos convencidos en el trabajo conjunto con municipios, asociaciones civiles y organismos internacionales para que \u201cFortaleza\u201d llegue a cada rinc\u00f3n del Chaco.<br>Creo firmemente que, como sociedad, tenemos la capacidad de construir un futuro mejor. Pero ese futuro requiere que hoy nos involucremos, que nos comprometamos y que seamos solidarios. El abordaje del consumo problem\u00e1tico no admite indiferencias ni dilaciones. Necesitamos un Chaco unido, emp\u00e1tico y decidido a transformar esta realidad\u201d.<br>\u201cGracias a todos los que este a\u00f1o fueron parte de \u201cFortaleza\u201d y aportaron su tiempo, conocimiento y coraz\u00f3n. Estoy convencida de que juntos podemos construir una provincia m\u00e1s justa, digna y saludable. Sigamos adelante, con esfuerzo conjunto y la firme convicci\u00f3n de que no hay obst\u00e1culo que no podamos superar si trabajamos unidos, espalda con espalda\u201d.<\/p>\n\n\n\n<p><em>Silvana Schneider- Vicegobernadora del Chaco.<\/em><\/p>\n","protected":false},"excerpt":{"rendered":"<p>\u201cCuando asum\u00ed el desaf\u00edo de ser compa\u00f1era de f\u00f3rmula del arquitecto Leandro Zdero, para ser vicegobernadora del Chaco, lo hice con el compromiso firme de trabajar por el bienestar de cada una de las personas que habitan esta provincia\u201d. Este a\u00f1o, a trav\u00e9s del programa \u201cFortaleza\u201d, hemos reafirmado esa promesa, enfoc\u00e1ndonos en uno de los [&hellip;]<\/p>\n","protected":false},"author":2,"featured_media":2888,"comment_status":"open","ping_status":"open","sticky":false,"template":"","format":"standard","meta":{"footnotes":""},"categories":[28],"tags":[],"class_list":{"0":"post-2887","1":"post","2":"type-post","3":"status-publish","4":"format-standard","5":"has-post-thumbnail","7":"category-locales"},"aioseo_notices":[],"_links":{"self":[{"href":"https:\/\/lalupa24.com.ar\/index.php\/wp-json\/wp\/v2\/posts\/2887","targetHints":{"allow":["GET"]}}],"collection":[{"href":"https:\/\/lalupa24.com.ar\/index.php\/wp-json\/wp\/v2\/posts"}],"about":[{"href":"https:\/\/lalupa24.com.ar\/index.php\/wp-json\/wp\/v2\/types\/post"}],"author":[{"embeddable":true,"href":"https:\/\/lalupa24.com.ar\/index.php\/wp-json\/wp\/v2\/users\/2"}],"replies":[{"embeddable":true,"href":"https:\/\/lalupa24.com.ar\/index.php\/wp-json\/wp\/v2\/comments?post=2887"}],"version-history":[{"count":1,"href":"https:\/\/lalupa24.com.ar\/index.php\/wp-json\/wp\/v2\/posts\/2887\/revisions"}],"predecessor-version":[{"id":2889,"href":"https:\/\/lalupa24.com.ar\/index.php\/wp-json\/wp\/v2\/posts\/2887\/revisions\/2889"}],"wp:featuredmedia":[{"embeddable":true,"href":"https:\/\/lalupa24.com.ar\/index.php\/wp-json\/wp\/v2\/media\/2888"}],"wp:attachment":[{"href":"https:\/\/lalupa24.com.ar\/index.php\/wp-json\/wp\/v2\/media?parent=2887"}],"wp:term":[{"taxonomy":"category","embeddable":true,"href":"https:\/\/lalupa24.com.ar\/index.php\/wp-json\/wp\/v2\/categories?post=2887"},{"taxonomy":"post_tag","embeddable":true,"href":"https:\/\/lalupa24.com.ar\/index.php\/wp-json\/wp\/v2\/tags?post=2887"}],"curies":[{"name":"wp","href":"https:\/\/api.w.org\/{rel}","templated":true}]}}