{"id":2942,"date":"2025-01-06T07:49:17","date_gmt":"2025-01-06T10:49:17","guid":{"rendered":"https:\/\/lalupa24.com.ar\/?p=2942"},"modified":"2025-01-06T07:49:19","modified_gmt":"2025-01-06T10:49:19","slug":"la-economia-crecera-mas-de-un-5-en-2025","status":"publish","type":"post","link":"https:\/\/lalupa24.com.ar\/index.php\/2025\/01\/06\/la-economia-crecera-mas-de-un-5-en-2025\/","title":{"rendered":"La econom\u00eda crecer\u00e1 m\u00e1s de un 5% en 2025"},"content":{"rendered":"\n<p>El economista Aldo Abram, director de la Fundaci\u00f3n Libertad y Progreso, analiza los desaf\u00edos econ\u00f3micos para 2025. Destaca la necesidad de unificar el mercado cambiario y reducir las regulaciones heredadas, lo cual ser\u00eda crucial para mejorar la eficiencia econ\u00f3mica. Aunque proyecta que el primer trimestre ser\u00e1 cauteloso, estima que para el segundo trimestre podr\u00edan empezar a tomar decisiones importantes, como avanzar en la unificaci\u00f3n cambiaria.<\/p>\n\n\n\n<p>Abram tambi\u00e9n considera que la econom\u00eda crecer\u00e1 m\u00e1s de un 5% en 2025, impulsada por un aumento en el consumo y empleo. La eliminaci\u00f3n de impuestos es parte de la estrategia para fortalecer el crecimiento, mientras que la inflaci\u00f3n podr\u00eda bajar al 25% en 2025. Aunque reconoce que el ruido pol\u00edtico puede generar incertidumbre, asegura que no habr\u00e1 grandes cambios en la econom\u00eda a corto plazo.<\/p>\n\n\n\n<p>Por \u00faltimo, Abram sostiene que la reforma del gasto p\u00fablico y el recorte de impuestos son fundamentales para consolidar la sostenibilidad econ\u00f3mica a largo plazo.<\/p>\n","protected":false},"excerpt":{"rendered":"<p>El economista Aldo Abram, director de la Fundaci\u00f3n Libertad y Progreso, analiza los desaf\u00edos econ\u00f3micos para 2025. Destaca la necesidad de unificar el mercado cambiario y reducir las regulaciones heredadas, lo cual ser\u00eda crucial para mejorar la eficiencia econ\u00f3mica. Aunque proyecta que el primer trimestre ser\u00e1 cauteloso, estima que para el segundo trimestre podr\u00edan empezar [&hellip;]<\/p>\n","protected":false},"author":2,"featured_media":2943,"comment_status":"open","ping_status":"open","sticky":false,"template":"","format":"standard","meta":{"footnotes":""},"categories":[24],"tags":[],"class_list":{"0":"post-2942","1":"post","2":"type-post","3":"status-publish","4":"format-standard","5":"has-post-thumbnail","7":"category-economia"},"aioseo_notices":[],"_links":{"self":[{"href":"https:\/\/lalupa24.com.ar\/index.php\/wp-json\/wp\/v2\/posts\/2942","targetHints":{"allow":["GET"]}}],"collection":[{"href":"https:\/\/lalupa24.com.ar\/index.php\/wp-json\/wp\/v2\/posts"}],"about":[{"href":"https:\/\/lalupa24.com.ar\/index.php\/wp-json\/wp\/v2\/types\/post"}],"author":[{"embeddable":true,"href":"https:\/\/lalupa24.com.ar\/index.php\/wp-json\/wp\/v2\/users\/2"}],"replies":[{"embeddable":true,"href":"https:\/\/lalupa24.com.ar\/index.php\/wp-json\/wp\/v2\/comments?post=2942"}],"version-history":[{"count":1,"href":"https:\/\/lalupa24.com.ar\/index.php\/wp-json\/wp\/v2\/posts\/2942\/revisions"}],"predecessor-version":[{"id":2944,"href":"https:\/\/lalupa24.com.ar\/index.php\/wp-json\/wp\/v2\/posts\/2942\/revisions\/2944"}],"wp:featuredmedia":[{"embeddable":true,"href":"https:\/\/lalupa24.com.ar\/index.php\/wp-json\/wp\/v2\/media\/2943"}],"wp:attachment":[{"href":"https:\/\/lalupa24.com.ar\/index.php\/wp-json\/wp\/v2\/media?parent=2942"}],"wp:term":[{"taxonomy":"category","embeddable":true,"href":"https:\/\/lalupa24.com.ar\/index.php\/wp-json\/wp\/v2\/categories?post=2942"},{"taxonomy":"post_tag","embeddable":true,"href":"https:\/\/lalupa24.com.ar\/index.php\/wp-json\/wp\/v2\/tags?post=2942"}],"curies":[{"name":"wp","href":"https:\/\/api.w.org\/{rel}","templated":true}]}}