{"id":2948,"date":"2025-01-06T07:56:11","date_gmt":"2025-01-06T10:56:11","guid":{"rendered":"https:\/\/lalupa24.com.ar\/?p=2948"},"modified":"2025-01-06T07:56:13","modified_gmt":"2025-01-06T10:56:13","slug":"tres-israelies-murieron-en-un-ataque-terrorista-palestino-en-el-norte-de-cisjordania","status":"publish","type":"post","link":"https:\/\/lalupa24.com.ar\/index.php\/2025\/01\/06\/tres-israelies-murieron-en-un-ataque-terrorista-palestino-en-el-norte-de-cisjordania\/","title":{"rendered":"Tres israel\u00edes murieron en un ataque terrorista palestino en el norte de Cisjordania"},"content":{"rendered":"\n<p>Varios hombres armados abrieron fuego contra un autob\u00fas y otros veh\u00edculos cerca de la aldea de Al-Funduq. El ej\u00e9rcito lanz\u00f3 un operativo para detener a los atacantes<\/p>\n\n\n\n<p>Varios hombres\u00a0<strong>armados\u00a0<\/strong>abrieron fuego el lunes contra un autob\u00fas y otros veh\u00edculos cerca de un pueblo de la\u00a0<strong>Cisjordania<\/strong>\u00a0ocupada,\u00a0<strong>matando a tres personas<\/strong>\u00a0e\u00a0<strong>hiriendo a siete<\/strong>, seg\u00fan informaron el ej\u00e9rcito y los servicios de emergencia israel\u00edes.<\/p>\n\n\n\n<p>La violencia en Cisjordania se ha disparado desde que estall\u00f3 la&nbsp;<strong>guerra en Gaza<\/strong>, el 7 de octubre del a\u00f1o pasado, tras el ataque de&nbsp;<strong>Hamas&nbsp;<\/strong>contra&nbsp;<strong>Israel<\/strong>.<\/p>\n\n\n\n<p>\u201cLos param\u00e9dicos han confirmado la muerte de tres v\u00edctimas, entre ellas dos mujeres y un hombre\u201d, dijo el proveedor de servicios de emergencia\u00a0<strong>Magen David Adom<\/strong>.Los militares informaron de que las&nbsp;<strong>tropas&nbsp;<\/strong>estaban \u201cpersiguiendo a los&nbsp;<strong>terroristas<\/strong>\u201d que perpetraron el ataque&nbsp;<strong>cerca de la aldea de Al-Funduq.<\/strong><\/p>\n\n\n\n<p>\u201cLlegaremos hasta los despreciables asesinos y<strong>&nbsp;les haremos rendir cuentas<\/strong>, as\u00ed como a cualquiera que les haya ayudado\u201d, dijo el primer ministro israel\u00ed,&nbsp;<strong>Benjamin Netanyahu<\/strong>, en un comunicado de su oficina.&nbsp;<strong>\u201cNadie saldr\u00e1 indemne\u201d.<\/strong><\/p>\n","protected":false},"excerpt":{"rendered":"<p>Varios hombres armados abrieron fuego contra un autob\u00fas y otros veh\u00edculos cerca de la aldea de Al-Funduq. El ej\u00e9rcito lanz\u00f3 un operativo para detener a los atacantes Varios hombres\u00a0armados\u00a0abrieron fuego el lunes contra un autob\u00fas y otros veh\u00edculos cerca de un pueblo de la\u00a0Cisjordania\u00a0ocupada,\u00a0matando a tres personas\u00a0e\u00a0hiriendo a siete, seg\u00fan informaron el ej\u00e9rcito y los [&hellip;]<\/p>\n","protected":false},"author":2,"featured_media":2950,"comment_status":"open","ping_status":"open","sticky":false,"template":"","format":"standard","meta":{"footnotes":""},"categories":[25],"tags":[],"class_list":{"0":"post-2948","1":"post","2":"type-post","3":"status-publish","4":"format-standard","5":"has-post-thumbnail","7":"category-internacionales"},"aioseo_notices":[],"_links":{"self":[{"href":"https:\/\/lalupa24.com.ar\/index.php\/wp-json\/wp\/v2\/posts\/2948","targetHints":{"allow":["GET"]}}],"collection":[{"href":"https:\/\/lalupa24.com.ar\/index.php\/wp-json\/wp\/v2\/posts"}],"about":[{"href":"https:\/\/lalupa24.com.ar\/index.php\/wp-json\/wp\/v2\/types\/post"}],"author":[{"embeddable":true,"href":"https:\/\/lalupa24.com.ar\/index.php\/wp-json\/wp\/v2\/users\/2"}],"replies":[{"embeddable":true,"href":"https:\/\/lalupa24.com.ar\/index.php\/wp-json\/wp\/v2\/comments?post=2948"}],"version-history":[{"count":1,"href":"https:\/\/lalupa24.com.ar\/index.php\/wp-json\/wp\/v2\/posts\/2948\/revisions"}],"predecessor-version":[{"id":2951,"href":"https:\/\/lalupa24.com.ar\/index.php\/wp-json\/wp\/v2\/posts\/2948\/revisions\/2951"}],"wp:featuredmedia":[{"embeddable":true,"href":"https:\/\/lalupa24.com.ar\/index.php\/wp-json\/wp\/v2\/media\/2950"}],"wp:attachment":[{"href":"https:\/\/lalupa24.com.ar\/index.php\/wp-json\/wp\/v2\/media?parent=2948"}],"wp:term":[{"taxonomy":"category","embeddable":true,"href":"https:\/\/lalupa24.com.ar\/index.php\/wp-json\/wp\/v2\/categories?post=2948"},{"taxonomy":"post_tag","embeddable":true,"href":"https:\/\/lalupa24.com.ar\/index.php\/wp-json\/wp\/v2\/tags?post=2948"}],"curies":[{"name":"wp","href":"https:\/\/api.w.org\/{rel}","templated":true}]}}