{"id":2958,"date":"2025-01-06T08:04:24","date_gmt":"2025-01-06T11:04:24","guid":{"rendered":"https:\/\/lalupa24.com.ar\/?p=2958"},"modified":"2025-01-06T08:04:26","modified_gmt":"2025-01-06T11:04:26","slug":"excarcelaron-a-110-presos-politicos-arrestados-tras-las-protestas-contra-el-fraude-electoral-de-maduro-en-venezuela","status":"publish","type":"post","link":"https:\/\/lalupa24.com.ar\/index.php\/2025\/01\/06\/excarcelaron-a-110-presos-politicos-arrestados-tras-las-protestas-contra-el-fraude-electoral-de-maduro-en-venezuela\/","title":{"rendered":"Excarcelaron a 110 presos pol\u00edticos arrestados tras las protestas contra el fraude electoral de Maduro en Venezuela"},"content":{"rendered":"\n<p>De los liberados, 95 salieron de la prisi\u00f3n de Tocor\u00f3n y 15 del penal de Tocuyito. Sin embargo, los familiares de los detenidos se\u00f1alaron que esperan la excarcelaci\u00f3n de m\u00e1s prisioneros, incluidos los acusados de terrorismo, en las pr\u00f3ximas horas<\/p>\n\n\n\n<p>La ONG venezolana\u00a0<strong>Comit\u00e9 por la Libertad de los Presos Pol\u00edticos\u00a0<\/strong>confirm\u00f3 este domingo la excarcelaci\u00f3n de 110 prisioneros de conciencia, quienes hab\u00edan sido detenidos tras las protestas originadas por el fraude electoral de Nicol\u00e1s Maduro el 28 de julio del a\u00f1o pasado.<\/p>\n\n\n\n<p>La organizaci\u00f3n detall\u00f3 a trav\u00e9s de la red social X que\u00a0<strong>95 de los\u00a0<\/strong>excarcelados salieron de la prisi\u00f3n de\u00a0<strong>Tocor\u00f3n<\/strong>, en el estado Aragua, mientras que otros\u00a0<strong>15<\/strong>\u00a0fueron liberados del penal de\u00a0<strong>Tocuyito<\/strong>, en Carabobo. No obstante, familiares de los detenidos afirmaron que a\u00fan esperan la liberaci\u00f3n de m\u00e1s prisioneros en las pr\u00f3ximas horas, incluidos aquellos acusados de\u00a0<strong>terrorismo<\/strong>.<\/p>\n\n\n\n<p>El Comit\u00e9 denunci\u00f3 que las excarcelaciones no han alcanzado a activistas, l\u00edderes pol\u00edticos y militares detenidos antes de los comicios presidenciales, muchos de ellos con largos periodos en prisi\u00f3n. Por ello, la ONG inst\u00f3 al\u00a0<strong>Ministerio P\u00fablico<\/strong>\u00a0y a los tribunales chavistas a acelerar las liberaciones de estas personas, a quienes calific\u00f3 como\u00a0<strong>\u201cinocentes\u201d<\/strong>\u00a0y cuya detenci\u00f3n, asegur\u00f3, carece de fundamento legal.<\/p>\n\n\n\n<p>Por su parte, el\u00a0<strong>Comit\u00e9 de Derechos Humanos de Vente Venezuela<\/strong>, liderado por la l\u00edder opositora\u00a0<strong>Mar\u00eda Corina Machado<\/strong>, exigi\u00f3 la liberaci\u00f3n total de los\u00a0<strong>presos pol\u00edticos<\/strong>, una cifra que, seg\u00fan el\u00a0<strong>Foro Penal<\/strong>, asciende a\u00a0<strong>1.794<\/strong>. Esta organizaci\u00f3n, que lidera la defensa de los detenidos por razones de conciencia, ha cuestionado la falta de transparencia en las cifras divulgadas por la dictadura venezolana.<\/p>\n","protected":false},"excerpt":{"rendered":"<p>De los liberados, 95 salieron de la prisi\u00f3n de Tocor\u00f3n y 15 del penal de Tocuyito. Sin embargo, los familiares de los detenidos se\u00f1alaron que esperan la excarcelaci\u00f3n de m\u00e1s prisioneros, incluidos los acusados de terrorismo, en las pr\u00f3ximas horas La ONG venezolana\u00a0Comit\u00e9 por la Libertad de los Presos Pol\u00edticos\u00a0confirm\u00f3 este domingo la excarcelaci\u00f3n de [&hellip;]<\/p>\n","protected":false},"author":2,"featured_media":2960,"comment_status":"open","ping_status":"open","sticky":false,"template":"","format":"standard","meta":{"footnotes":""},"categories":[25],"tags":[],"class_list":{"0":"post-2958","1":"post","2":"type-post","3":"status-publish","4":"format-standard","5":"has-post-thumbnail","7":"category-internacionales"},"aioseo_notices":[],"_links":{"self":[{"href":"https:\/\/lalupa24.com.ar\/index.php\/wp-json\/wp\/v2\/posts\/2958","targetHints":{"allow":["GET"]}}],"collection":[{"href":"https:\/\/lalupa24.com.ar\/index.php\/wp-json\/wp\/v2\/posts"}],"about":[{"href":"https:\/\/lalupa24.com.ar\/index.php\/wp-json\/wp\/v2\/types\/post"}],"author":[{"embeddable":true,"href":"https:\/\/lalupa24.com.ar\/index.php\/wp-json\/wp\/v2\/users\/2"}],"replies":[{"embeddable":true,"href":"https:\/\/lalupa24.com.ar\/index.php\/wp-json\/wp\/v2\/comments?post=2958"}],"version-history":[{"count":1,"href":"https:\/\/lalupa24.com.ar\/index.php\/wp-json\/wp\/v2\/posts\/2958\/revisions"}],"predecessor-version":[{"id":2961,"href":"https:\/\/lalupa24.com.ar\/index.php\/wp-json\/wp\/v2\/posts\/2958\/revisions\/2961"}],"wp:featuredmedia":[{"embeddable":true,"href":"https:\/\/lalupa24.com.ar\/index.php\/wp-json\/wp\/v2\/media\/2960"}],"wp:attachment":[{"href":"https:\/\/lalupa24.com.ar\/index.php\/wp-json\/wp\/v2\/media?parent=2958"}],"wp:term":[{"taxonomy":"category","embeddable":true,"href":"https:\/\/lalupa24.com.ar\/index.php\/wp-json\/wp\/v2\/categories?post=2958"},{"taxonomy":"post_tag","embeddable":true,"href":"https:\/\/lalupa24.com.ar\/index.php\/wp-json\/wp\/v2\/tags?post=2958"}],"curies":[{"name":"wp","href":"https:\/\/api.w.org\/{rel}","templated":true}]}}