{"id":2962,"date":"2025-01-06T08:09:22","date_gmt":"2025-01-06T11:09:22","guid":{"rendered":"https:\/\/lalupa24.com.ar\/?p=2962"},"modified":"2025-01-06T08:09:24","modified_gmt":"2025-01-06T11:09:24","slug":"sera-progresivamente-ascendente-la-ola-migratoria-venezolana-crecera-si-nicolas-maduro-toma-el-poder-el-10-de-enero-advierten-expertos","status":"publish","type":"post","link":"https:\/\/lalupa24.com.ar\/index.php\/2025\/01\/06\/sera-progresivamente-ascendente-la-ola-migratoria-venezolana-crecera-si-nicolas-maduro-toma-el-poder-el-10-de-enero-advierten-expertos\/","title":{"rendered":"\u201cSer\u00e1 progresivamente ascendente\u201d: la ola migratoria venezolana crecer\u00e1 si Nicol\u00e1s Maduro toma el poder el 10 de enero, advierten expertos"},"content":{"rendered":"\n<p>La\u00a0ilegal reelecci\u00f3n de\u00a0<strong>Nicol\u00e1s Maduro<\/strong>como presidente de\u00a0<strong>Venezuela<\/strong>, prevista para concretarse el 10 de enero, genera preocupaci\u00f3n en la comunidad internacional, la\u00a0<strong>oposici\u00f3n venezolana\u00a0<\/strong>y expertos en pol\u00edtica migratoria. Advierten que este escenario podr\u00eda desatar una\u00a0<strong>nueva ola migratoria\u00a0<\/strong>desde Venezuela, que en los \u00faltimos a\u00f1os ha visto salir a\u00a0<strong>m\u00e1s de ocho millones de sus ciudadanos<\/strong>.<\/p>\n\n\n\n<p>El Consejo Nacional Electoral de Venezuela declar\u00f3 a\u00a0<strong>Nicol\u00e1s Maduro\u00a0<\/strong>ganador de las elecciones del 28 de julio, un resultado denunciado como fraudulento por la Plataforma Unitaria Democr\u00e1tica (PUD), principal coalici\u00f3n opositora. Seg\u00fan\u00a0<strong>Mar\u00eda Corina Machado<\/strong>, \u201cMaduro no se va a ir solo, hay que hacerlo salir con la fuerza de un pueblo que no se rinde jam\u00e1s\u201d. Machado, en clandestinidad, ha convocado a\u00a0<a href=\"https:\/\/www.infobae.com\/venezuela\/2025\/01\/05\/maria-corina-machado-llamo-a-protestas-el-jueves-un-dia-antes-de-la-juramentacion-ilegal-de-maduro\/\" target=\"_blank\" rel=\"noreferrer noopener\"><strong>movilizaciones masivas el 9 de enero\u00a0<\/strong><\/a>como una muestra de resistencia<\/p>\n\n\n\n<p>Mientras tanto,\u00a0<strong>Edmundo Gonz\u00e1lez Urrutia<\/strong>, a quien la oposici\u00f3n considera el leg\u00edtimo ganador,\u00a0<a href=\"https:\/\/www.infobae.com\/venezuela\/2025\/01\/06\/edmundo-gonzalez-urrutia-pidio-a-la-fuerza-armada-defender-la-soberania-popular-el-10-de-enero-debo-asumir-como-comandante-en-jefe\/\" target=\"_blank\" rel=\"noreferrer noopener\">se encuentra en una\u00a0<strong>gira internacional\u00a0<\/strong><\/a>en busca de reconocimiento y apoyo pol\u00edtico. Sin embargo, su regreso a Venezuela enfrenta serias dificultades: \u201cSi \u00e9l vuelve, ser\u00e1 preso inmediatamente y llevado a Ramo Verde, la c\u00e1rcel de Nicol\u00e1s Maduro\u201d, destac\u00f3 el excanciller\u00a0<strong>Miguel Rodr\u00edguez Mackay<\/strong>\u00a0en di\u00e1logo.<\/p>\n","protected":false},"excerpt":{"rendered":"<p>La\u00a0ilegal reelecci\u00f3n de\u00a0Nicol\u00e1s Madurocomo presidente de\u00a0Venezuela, prevista para concretarse el 10 de enero, genera preocupaci\u00f3n en la comunidad internacional, la\u00a0oposici\u00f3n venezolana\u00a0y expertos en pol\u00edtica migratoria. Advierten que este escenario podr\u00eda desatar una\u00a0nueva ola migratoria\u00a0desde Venezuela, que en los \u00faltimos a\u00f1os ha visto salir a\u00a0m\u00e1s de ocho millones de sus ciudadanos. El Consejo Nacional Electoral de [&hellip;]<\/p>\n","protected":false},"author":2,"featured_media":2964,"comment_status":"open","ping_status":"open","sticky":false,"template":"","format":"standard","meta":{"footnotes":""},"categories":[25],"tags":[],"class_list":{"0":"post-2962","1":"post","2":"type-post","3":"status-publish","4":"format-standard","5":"has-post-thumbnail","7":"category-internacionales"},"aioseo_notices":[],"_links":{"self":[{"href":"https:\/\/lalupa24.com.ar\/index.php\/wp-json\/wp\/v2\/posts\/2962","targetHints":{"allow":["GET"]}}],"collection":[{"href":"https:\/\/lalupa24.com.ar\/index.php\/wp-json\/wp\/v2\/posts"}],"about":[{"href":"https:\/\/lalupa24.com.ar\/index.php\/wp-json\/wp\/v2\/types\/post"}],"author":[{"embeddable":true,"href":"https:\/\/lalupa24.com.ar\/index.php\/wp-json\/wp\/v2\/users\/2"}],"replies":[{"embeddable":true,"href":"https:\/\/lalupa24.com.ar\/index.php\/wp-json\/wp\/v2\/comments?post=2962"}],"version-history":[{"count":1,"href":"https:\/\/lalupa24.com.ar\/index.php\/wp-json\/wp\/v2\/posts\/2962\/revisions"}],"predecessor-version":[{"id":2965,"href":"https:\/\/lalupa24.com.ar\/index.php\/wp-json\/wp\/v2\/posts\/2962\/revisions\/2965"}],"wp:featuredmedia":[{"embeddable":true,"href":"https:\/\/lalupa24.com.ar\/index.php\/wp-json\/wp\/v2\/media\/2964"}],"wp:attachment":[{"href":"https:\/\/lalupa24.com.ar\/index.php\/wp-json\/wp\/v2\/media?parent=2962"}],"wp:term":[{"taxonomy":"category","embeddable":true,"href":"https:\/\/lalupa24.com.ar\/index.php\/wp-json\/wp\/v2\/categories?post=2962"},{"taxonomy":"post_tag","embeddable":true,"href":"https:\/\/lalupa24.com.ar\/index.php\/wp-json\/wp\/v2\/tags?post=2962"}],"curies":[{"name":"wp","href":"https:\/\/api.w.org\/{rel}","templated":true}]}}