{"id":3001,"date":"2025-01-06T11:11:09","date_gmt":"2025-01-06T14:11:09","guid":{"rendered":"https:\/\/lalupa24.com.ar\/?p=3001"},"modified":"2025-01-06T11:11:11","modified_gmt":"2025-01-06T14:11:11","slug":"subite-a-la-bici-kids","status":"publish","type":"post","link":"https:\/\/lalupa24.com.ar\/index.php\/2025\/01\/06\/subite-a-la-bici-kids\/","title":{"rendered":"Subite a la bici kids"},"content":{"rendered":"\n<p><\/p>\n\n\n\n<p>Con el D\u00eda de Reyes en Resistencia, un importante grupo de chicos vivi\u00f3 esta celebraci\u00f3n de manera particular, sum\u00e1ndose al programa municipal \u201cSubite a la bici kids\u201d.<\/p>\n\n\n\n<p>Por varias cuadras del microcentro, partiendo desde la Plaza 9 de Julio hasta la 25 de Mayo, decenas de peque\u00f1os ciclistas, acompa\u00f1ados por mayores, disfrutaron de una jornada especial, mezclando deporte y recreaci\u00f3n pero adem\u00e1s aprendiendo a circular por la v\u00eda p\u00fablica, conociendo las se\u00f1ales de tr\u00e1nsito.<\/p>\n\n\n\n<p>El corolario fue el recibimiento de Melchor, Gaspar y Baltazar que los esperaban en la plaza central de la ciudad.<\/p>\n\n\n\n<p>Melani G\u00f3mez llev\u00f3 a sus hijos a esta iniciativa y al respecto dijo que \u201cla pasamos super, muy bien, fue muy divertido, tanto para ellos como para nosotros\u201d.<\/p>\n\n\n\n<p>Tambi\u00e9n reconoci\u00f3 que esta propuesta le permiti\u00f3 volver a salir en bicicleta. \u201cAprovechamos para usarla, sacarle la tierra\u201d, dijo entre sonrisas.<\/p>\n\n\n\n<p>Vanesa Saporitti, directora municipal de Turismo Social, expres\u00f3 que \u201ccelebramos el Dia de Reyes, tanto ni\u00f1os como adultos, a algunos nos hicieron rememorar nuestras infancias\u201d.<\/p>\n\n\n\n<p>Valor\u00f3 este programa para que los ni\u00f1os con los grandes puedan disfrutar juntos. \u201dLa idea es que los chicos aprendan a circular por el espacio p\u00fablico, que tiene otra forma, aprender a frenar, transitar en grupos\u201d, asever\u00f3.<\/p>\n","protected":false},"excerpt":{"rendered":"<p>Con el D\u00eda de Reyes en Resistencia, un importante grupo de chicos vivi\u00f3 esta celebraci\u00f3n de manera particular, sum\u00e1ndose al programa municipal \u201cSubite a la bici kids\u201d. Por varias cuadras del microcentro, partiendo desde la Plaza 9 de Julio hasta la 25 de Mayo, decenas de peque\u00f1os ciclistas, acompa\u00f1ados por mayores, disfrutaron de una jornada [&hellip;]<\/p>\n","protected":false},"author":2,"featured_media":3002,"comment_status":"open","ping_status":"open","sticky":false,"template":"","format":"standard","meta":{"footnotes":""},"categories":[1,28],"tags":[],"class_list":{"0":"post-3001","1":"post","2":"type-post","3":"status-publish","4":"format-standard","5":"has-post-thumbnail","7":"category-blog","8":"category-locales"},"aioseo_notices":[],"_links":{"self":[{"href":"https:\/\/lalupa24.com.ar\/index.php\/wp-json\/wp\/v2\/posts\/3001","targetHints":{"allow":["GET"]}}],"collection":[{"href":"https:\/\/lalupa24.com.ar\/index.php\/wp-json\/wp\/v2\/posts"}],"about":[{"href":"https:\/\/lalupa24.com.ar\/index.php\/wp-json\/wp\/v2\/types\/post"}],"author":[{"embeddable":true,"href":"https:\/\/lalupa24.com.ar\/index.php\/wp-json\/wp\/v2\/users\/2"}],"replies":[{"embeddable":true,"href":"https:\/\/lalupa24.com.ar\/index.php\/wp-json\/wp\/v2\/comments?post=3001"}],"version-history":[{"count":1,"href":"https:\/\/lalupa24.com.ar\/index.php\/wp-json\/wp\/v2\/posts\/3001\/revisions"}],"predecessor-version":[{"id":3003,"href":"https:\/\/lalupa24.com.ar\/index.php\/wp-json\/wp\/v2\/posts\/3001\/revisions\/3003"}],"wp:featuredmedia":[{"embeddable":true,"href":"https:\/\/lalupa24.com.ar\/index.php\/wp-json\/wp\/v2\/media\/3002"}],"wp:attachment":[{"href":"https:\/\/lalupa24.com.ar\/index.php\/wp-json\/wp\/v2\/media?parent=3001"}],"wp:term":[{"taxonomy":"category","embeddable":true,"href":"https:\/\/lalupa24.com.ar\/index.php\/wp-json\/wp\/v2\/categories?post=3001"},{"taxonomy":"post_tag","embeddable":true,"href":"https:\/\/lalupa24.com.ar\/index.php\/wp-json\/wp\/v2\/tags?post=3001"}],"curies":[{"name":"wp","href":"https:\/\/api.w.org\/{rel}","templated":true}]}}