{"id":3030,"date":"2025-01-08T21:02:31","date_gmt":"2025-01-09T00:02:31","guid":{"rendered":"https:\/\/lalupa24.com.ar\/?p=3030"},"modified":"2025-01-08T21:02:32","modified_gmt":"2025-01-09T00:02:32","slug":"verano-junto-al-instituto-del-deporte-chaqueno","status":"publish","type":"post","link":"https:\/\/lalupa24.com.ar\/index.php\/2025\/01\/08\/verano-junto-al-instituto-del-deporte-chaqueno\/","title":{"rendered":"Verano junto al instituto del deporte chaque\u00f1o"},"content":{"rendered":"\n<p><\/p>\n\n\n\n<p><em>El programa impulsado por el Gobierno de la Provincia en articulaci\u00f3n con el Instituto del Deporte Chaque\u00f1o, Instituto de Turismo, Instituto de Cultura, Loter\u00eda Chaque\u00f1a y en coordinaci\u00f3n con el Municipio de Resistencia, tuvo su primera jornada al aire libre, en el Parque de la democracia.<\/em><\/p>\n\n\n\n<p>La jornada di\u00f3 inicio con actividades recreativas, l\u00fadicas y de ingenio, aparte de f\u00fatbol tenis y v\u00f3ley, en el que adem\u00e1s los m\u00e1s chiquitos tuvieron su espacio pintando la fauna aut\u00f3ctona de la provincia, y con una clase de zumba que fue la encargada del cierre de la jornada.<br>La agenda de ayer por la tarde de \u201cSomos Verano\u201d continuar\u00e1 este d\u00eda jueves en el parque de la democracia y el broche de oro ser\u00e1 el viernes 10 de enero de 20 a 22 hrs, se presentar\u00e1 en vivo la banda de \u201cLa previa\u201d, donde adem\u00e1s habr\u00e1 n\u00fameros art\u00edsticos.<\/p>\n\n\n\n<p>Por su parte, Gabriel Pellegrini manifest\u00f3: \u201cEl objetivo de este evento es promover movimientos al aire libre y destacar la importancia del deporte la cultura, y fomentar el turismo interno como herramientas de integraci\u00f3n social y recreativa. Es por eso que le damos la bienvenida a todos que tengan un excelente a\u00f1o, y que sigamos disfrutando y compartiendo juntos de esta agenda de verano 2025. Todas estas actividades son totalmente libres y gratuitas solo deben acercarse al Parque de la democracia, (Av. Sarmiento 2200), inscribirse y poder realizar todas las actividades\u201d- concluy\u00f3.<\/p>\n","protected":false},"excerpt":{"rendered":"<p>El programa impulsado por el Gobierno de la Provincia en articulaci\u00f3n con el Instituto del Deporte Chaque\u00f1o, Instituto de Turismo, Instituto de Cultura, Loter\u00eda Chaque\u00f1a y en coordinaci\u00f3n con el Municipio de Resistencia, tuvo su primera jornada al aire libre, en el Parque de la democracia. La jornada di\u00f3 inicio con actividades recreativas, l\u00fadicas y [&hellip;]<\/p>\n","protected":false},"author":2,"featured_media":3031,"comment_status":"open","ping_status":"open","sticky":false,"template":"","format":"standard","meta":{"footnotes":""},"categories":[1,100],"tags":[],"class_list":{"0":"post-3030","1":"post","2":"type-post","3":"status-publish","4":"format-standard","5":"has-post-thumbnail","7":"category-blog","8":"category-deportes"},"aioseo_notices":[],"_links":{"self":[{"href":"https:\/\/lalupa24.com.ar\/index.php\/wp-json\/wp\/v2\/posts\/3030","targetHints":{"allow":["GET"]}}],"collection":[{"href":"https:\/\/lalupa24.com.ar\/index.php\/wp-json\/wp\/v2\/posts"}],"about":[{"href":"https:\/\/lalupa24.com.ar\/index.php\/wp-json\/wp\/v2\/types\/post"}],"author":[{"embeddable":true,"href":"https:\/\/lalupa24.com.ar\/index.php\/wp-json\/wp\/v2\/users\/2"}],"replies":[{"embeddable":true,"href":"https:\/\/lalupa24.com.ar\/index.php\/wp-json\/wp\/v2\/comments?post=3030"}],"version-history":[{"count":1,"href":"https:\/\/lalupa24.com.ar\/index.php\/wp-json\/wp\/v2\/posts\/3030\/revisions"}],"predecessor-version":[{"id":3032,"href":"https:\/\/lalupa24.com.ar\/index.php\/wp-json\/wp\/v2\/posts\/3030\/revisions\/3032"}],"wp:featuredmedia":[{"embeddable":true,"href":"https:\/\/lalupa24.com.ar\/index.php\/wp-json\/wp\/v2\/media\/3031"}],"wp:attachment":[{"href":"https:\/\/lalupa24.com.ar\/index.php\/wp-json\/wp\/v2\/media?parent=3030"}],"wp:term":[{"taxonomy":"category","embeddable":true,"href":"https:\/\/lalupa24.com.ar\/index.php\/wp-json\/wp\/v2\/categories?post=3030"},{"taxonomy":"post_tag","embeddable":true,"href":"https:\/\/lalupa24.com.ar\/index.php\/wp-json\/wp\/v2\/tags?post=3030"}],"curies":[{"name":"wp","href":"https:\/\/api.w.org\/{rel}","templated":true}]}}