{"id":3053,"date":"2025-01-09T18:46:44","date_gmt":"2025-01-09T21:46:44","guid":{"rendered":"https:\/\/lalupa24.com.ar\/?p=3053"},"modified":"2025-01-09T18:46:45","modified_gmt":"2025-01-09T21:46:45","slug":"fortaleza-llega-este-viernes-a-villa-rio-bermejito","status":"publish","type":"post","link":"https:\/\/lalupa24.com.ar\/index.php\/2025\/01\/09\/fortaleza-llega-este-viernes-a-villa-rio-bermejito\/","title":{"rendered":"\u201cFortaleza\u201d llega este viernes a villa rio bermejito"},"content":{"rendered":"\n<p><\/p>\n\n\n\n<p>Ma\u00f1ana viernes, a las 18:00 hs, en el marco del lanzamiento de la temporada estival, \u201cViv\u00ed el Verano 2025\u201d organizada por el municipio local, Turismo, Cultura y la Direcci\u00f3n de Salud Mental, del Ministerio de Salud del Chaco, el Programa Integral Fortaleza llevar\u00e1 adelante charlas de prevenci\u00f3n &#8220;Activa tu Fortaleza: Unidos Frente a los Consumos Problem\u00e1ticos&#8221;.<br>El encuentro se suma a otras tantas actividades de prevenci\u00f3n que se impulsan desde el gobierno del Chaco. Es abierto, destinada a la comunidad; la actividad tiene como objetivo brindar herramientas pr\u00e1cticas para identificar y enfrentar situaciones relacionadas con consumos problem\u00e1ticos, destacando la importancia de las redes de apoyo y los recursos disponibles en la regi\u00f3n.<br>La jornada contar\u00e1 con la participaci\u00f3n de reconocidas instituciones y actores claves, como ser:<br>Personal del Hospital de Villa R\u00edo Bermejito,<br>Delegaci\u00f3n local de la Polic\u00eda del Chaco,<br>Juzgado de Paz<br>Miembros del Municipio<br>Representante del programa \u00d1anchec<br>Iglesias de diferentes cultos<br>Concejales y Diputados Provinciales.<\/p>\n\n\n\n<p>Prop\u00f3sito del encuentro<br>&#8220;Activa tu Fortaleza: Unidos Frente a los Consumos Problem\u00e1ticos&#8221; tiene como misi\u00f3n concientizar sobre los desaf\u00edos que enfrentamos ante los consumos problem\u00e1ticos y generar un espacio para adquirir herramientas para actuar ante este flagelo. En este contexto, se presentar\u00e1n los dispositivos de contenci\u00f3n y asistencia disponibles en la provincia y en Villa R\u00edo Bermejito.<br>La actividad es abierta a toda la comunidad, con una especial invitaci\u00f3n a los j\u00f3venes interesados en formar parte de esta conversaci\u00f3n y fortalecer el tejido social.<\/p>\n\n\n\n<p><em>Una invitaci\u00f3n a la acci\u00f3n comunitaria<\/em><br>Este encuentro busca reunir a personas, instituciones y l\u00edderes comprometidos con la prevenci\u00f3n y el acompa\u00f1amiento, fortaleciendo el lazo comunitario para enfrentar esta problem\u00e1tica de manera conjunta.<br><em>Si estas atravesando una situaci\u00f3n de consumos problem\u00e1ticos o conoces a alguien pod\u00e9s comunicarte con guardia remota: turno diurno Cel.3624-618432, (08 a 20 Hs.), turno nocturno, Cel.3624-814825, (20 a 08 Hs.).<\/em><\/p>\n","protected":false},"excerpt":{"rendered":"<p>Ma\u00f1ana viernes, a las 18:00 hs, en el marco del lanzamiento de la temporada estival, \u201cViv\u00ed el Verano 2025\u201d organizada por el municipio local, Turismo, Cultura y la Direcci\u00f3n de Salud Mental, del Ministerio de Salud del Chaco, el Programa Integral Fortaleza llevar\u00e1 adelante charlas de prevenci\u00f3n &#8220;Activa tu Fortaleza: Unidos Frente a los Consumos [&hellip;]<\/p>\n","protected":false},"author":2,"featured_media":3054,"comment_status":"open","ping_status":"open","sticky":false,"template":"","format":"standard","meta":{"footnotes":""},"categories":[28],"tags":[],"class_list":{"0":"post-3053","1":"post","2":"type-post","3":"status-publish","4":"format-standard","5":"has-post-thumbnail","7":"category-locales"},"aioseo_notices":[],"_links":{"self":[{"href":"https:\/\/lalupa24.com.ar\/index.php\/wp-json\/wp\/v2\/posts\/3053","targetHints":{"allow":["GET"]}}],"collection":[{"href":"https:\/\/lalupa24.com.ar\/index.php\/wp-json\/wp\/v2\/posts"}],"about":[{"href":"https:\/\/lalupa24.com.ar\/index.php\/wp-json\/wp\/v2\/types\/post"}],"author":[{"embeddable":true,"href":"https:\/\/lalupa24.com.ar\/index.php\/wp-json\/wp\/v2\/users\/2"}],"replies":[{"embeddable":true,"href":"https:\/\/lalupa24.com.ar\/index.php\/wp-json\/wp\/v2\/comments?post=3053"}],"version-history":[{"count":1,"href":"https:\/\/lalupa24.com.ar\/index.php\/wp-json\/wp\/v2\/posts\/3053\/revisions"}],"predecessor-version":[{"id":3055,"href":"https:\/\/lalupa24.com.ar\/index.php\/wp-json\/wp\/v2\/posts\/3053\/revisions\/3055"}],"wp:featuredmedia":[{"embeddable":true,"href":"https:\/\/lalupa24.com.ar\/index.php\/wp-json\/wp\/v2\/media\/3054"}],"wp:attachment":[{"href":"https:\/\/lalupa24.com.ar\/index.php\/wp-json\/wp\/v2\/media?parent=3053"}],"wp:term":[{"taxonomy":"category","embeddable":true,"href":"https:\/\/lalupa24.com.ar\/index.php\/wp-json\/wp\/v2\/categories?post=3053"},{"taxonomy":"post_tag","embeddable":true,"href":"https:\/\/lalupa24.com.ar\/index.php\/wp-json\/wp\/v2\/tags?post=3053"}],"curies":[{"name":"wp","href":"https:\/\/api.w.org\/{rel}","templated":true}]}}