{"id":3065,"date":"2025-01-10T11:01:39","date_gmt":"2025-01-10T14:01:39","guid":{"rendered":"https:\/\/lalupa24.com.ar\/?p=3065"},"modified":"2025-01-10T11:01:41","modified_gmt":"2025-01-10T14:01:41","slug":"rebelion-en-las-bases-del-pro-contra-macri-por-entregarse-a-milei","status":"publish","type":"post","link":"https:\/\/lalupa24.com.ar\/index.php\/2025\/01\/10\/rebelion-en-las-bases-del-pro-contra-macri-por-entregarse-a-milei\/","title":{"rendered":"Rebeli\u00f3n en las bases del PRO contra Macri por entregarse a Milei."},"content":{"rendered":"\n<p>Las bases del PRO se rebelaron contra Mauricio Macri luego de que el ex presidente se mostrara dispuesto a acercarse a Javier Milei, lo que gener\u00f3 descontento entre varios referentes del partido. Carlos Zenozain, uno de los l\u00edderes del PRO en C\u00f3rdoba, expres\u00f3 su desacuerdo con la decisi\u00f3n de Macri y lament\u00f3 que el partido no estuviera escuchando a sus bases, lo que hab\u00eda generado la salida de muchos afiliados. En las redes sociales, Facundo P\u00e9rez Carletti, Secretario General del PRO, atac\u00f3 duramente a Macri, citando una famosa frase de Winston Churchill sobre la humillaci\u00f3n y la guerra, sugiriendo que Macri estaba actuando como Neville Chamberlain, el primer ministro brit\u00e1nico que se rindi\u00f3 ante Hitler en el Acuerdo de M\u00fanich. Varios miembros del PRO consideraron que este acercamiento a Milei podr\u00eda llevar al partido a la extinci\u00f3n, y Facundo del Gaiso, legislador de la Coalici\u00f3n C\u00edvica, sugiri\u00f3 que era hora de construir algo nuevo para representar a los sectores medios, jubilados y pymes fuera de la \u00f3rbita de Milei y el kirchnerismo.<\/p>\n","protected":false},"excerpt":{"rendered":"<p>Las bases del PRO se rebelaron contra Mauricio Macri luego de que el ex presidente se mostrara dispuesto a acercarse a Javier Milei, lo que gener\u00f3 descontento entre varios referentes del partido. Carlos Zenozain, uno de los l\u00edderes del PRO en C\u00f3rdoba, expres\u00f3 su desacuerdo con la decisi\u00f3n de Macri y lament\u00f3 que el partido [&hellip;]<\/p>\n","protected":false},"author":2,"featured_media":3066,"comment_status":"open","ping_status":"open","sticky":false,"template":"","format":"standard","meta":{"footnotes":""},"categories":[26],"tags":[],"class_list":{"0":"post-3065","1":"post","2":"type-post","3":"status-publish","4":"format-standard","5":"has-post-thumbnail","7":"category-nacionales"},"aioseo_notices":[],"_links":{"self":[{"href":"https:\/\/lalupa24.com.ar\/index.php\/wp-json\/wp\/v2\/posts\/3065","targetHints":{"allow":["GET"]}}],"collection":[{"href":"https:\/\/lalupa24.com.ar\/index.php\/wp-json\/wp\/v2\/posts"}],"about":[{"href":"https:\/\/lalupa24.com.ar\/index.php\/wp-json\/wp\/v2\/types\/post"}],"author":[{"embeddable":true,"href":"https:\/\/lalupa24.com.ar\/index.php\/wp-json\/wp\/v2\/users\/2"}],"replies":[{"embeddable":true,"href":"https:\/\/lalupa24.com.ar\/index.php\/wp-json\/wp\/v2\/comments?post=3065"}],"version-history":[{"count":1,"href":"https:\/\/lalupa24.com.ar\/index.php\/wp-json\/wp\/v2\/posts\/3065\/revisions"}],"predecessor-version":[{"id":3067,"href":"https:\/\/lalupa24.com.ar\/index.php\/wp-json\/wp\/v2\/posts\/3065\/revisions\/3067"}],"wp:featuredmedia":[{"embeddable":true,"href":"https:\/\/lalupa24.com.ar\/index.php\/wp-json\/wp\/v2\/media\/3066"}],"wp:attachment":[{"href":"https:\/\/lalupa24.com.ar\/index.php\/wp-json\/wp\/v2\/media?parent=3065"}],"wp:term":[{"taxonomy":"category","embeddable":true,"href":"https:\/\/lalupa24.com.ar\/index.php\/wp-json\/wp\/v2\/categories?post=3065"},{"taxonomy":"post_tag","embeddable":true,"href":"https:\/\/lalupa24.com.ar\/index.php\/wp-json\/wp\/v2\/tags?post=3065"}],"curies":[{"name":"wp","href":"https:\/\/api.w.org\/{rel}","templated":true}]}}