{"id":3087,"date":"2025-01-10T13:34:15","date_gmt":"2025-01-10T16:34:15","guid":{"rendered":"https:\/\/lalupa24.com.ar\/?p=3087"},"modified":"2025-01-10T13:34:17","modified_gmt":"2025-01-10T16:34:17","slug":"zdero-estuvo-en-saenz-pena-entregando-ayudas-tecnicas-a-personas-con-discapacidad","status":"publish","type":"post","link":"https:\/\/lalupa24.com.ar\/index.php\/2025\/01\/10\/zdero-estuvo-en-saenz-pena-entregando-ayudas-tecnicas-a-personas-con-discapacidad\/","title":{"rendered":"Zdero estuvo en S\u00e1enz Pe\u00f1a entregando ayudas t\u00e9cnicas a personas con discapacidad"},"content":{"rendered":"\n<p><\/p>\n\n\n\n<p><em>Este viernes, el gobernador Zdero entreg\u00f3 nuevas ayudas t\u00e9cnicas para mejorar la vida a personas con discapacidad. En el primer a\u00f1o de gesti\u00f3n se entregaron m\u00e1s de 710 ayudas en toda la provincia, bajo la consigna de trabajar en territorio para todos los chaque\u00f1os.<\/em><\/p>\n\n\n\n<p>El gobernador Leandro Zdero junto a la vicegobernadora Silvana Schneider y a la presidente de IPRODICH, Ana Mitoire, entreg\u00f3, hoy en la sede del Instituto Provincial para la inclusi\u00f3n de las Personas con Discapacidad (IPRODICH) de S\u00e1enz Pe\u00f1a, ayudas t\u00e9cnicas para personas con discapacidad. \u201cEs una pol\u00edtica de Estado llegar a toda a la provincia garantizando que las personas con discapacidad puedan tener una calidad de vida y ser independientes\u201d, remarc\u00f3.<br>Las ayudas t\u00e9cnicas, que se entregan a trav\u00e9s del IPRODICH, son aparatos o equipos que permiten a las personas con discapacidad tener un mayor grado de independencia en la vida diaria y mejora su calidad de vida. En la oportunidad se entregaron pares de valvas ortop\u00e9dicas, sillas de ruedas est\u00e1ndar adulto, silla de rueda postural y juniors, adem\u00e1s de un aire acondicionado para beneficiarios de S\u00e1enz Pe\u00f1a, Pampa del Infierno y Napenay.<br>El gobernador record\u00f3 que en el primer a\u00f1o de gesti\u00f3n se entregaron m\u00e1s de 710 ayudas t\u00e9cnicas en toda la provincia, bajo la consigna de trabajar en terreno y recorrer toda la provincia. \u201cLa entrega de ayudas t\u00e9cnicas es parte de la mirada de inclusi\u00f3n que tiene el gobierno provincial, no solamente desde la declaraci\u00f3n sino tambi\u00e9n desde la acci\u00f3n\u201d, destac\u00f3. \u201cEl objetivo es lograr la verdadera inclusi\u00f3n de las personas con discapacidad, que puedan ir a las escuelas, tener trabajo y ser independientes\u201d, agreg\u00f3.<br>Del acto participaron tambi\u00e9n la vicepresidente M\u00f3nica Morales, el diputado provincial Carim Peche y el intendente de Napenay, Javier Ayala.<br>Mitoire se\u00f1al\u00f3 la importancia de comenzar el a\u00f1o con entregas en el interior provincial ya que uno de los objetivos del IPRODICH es llegar a todas las personas que necesiten. \u201cLas ayudas t\u00e9cnicas permiten a las personas con discapacidad tener autonom\u00eda y una mejor calidad de vida\u201d, asegur\u00f3.<br>Las ayudas se entregan a personas que no cuentan con cobertura de obra social y tienen el Certificado \u00danico de Discapacidad (CUD). \u201cQuienes no lo tengan deben acercarse al Iprodich para gestionarlo, estamos abocados permanentemente a la tarea de certificar las personas para que puedan acceder a derechos\u201d, concluy\u00f3.<\/p>\n","protected":false},"excerpt":{"rendered":"<p>Este viernes, el gobernador Zdero entreg\u00f3 nuevas ayudas t\u00e9cnicas para mejorar la vida a personas con discapacidad. En el primer a\u00f1o de gesti\u00f3n se entregaron m\u00e1s de 710 ayudas en toda la provincia, bajo la consigna de trabajar en territorio para todos los chaque\u00f1os. El gobernador Leandro Zdero junto a la vicegobernadora Silvana Schneider y [&hellip;]<\/p>\n","protected":false},"author":2,"featured_media":3088,"comment_status":"open","ping_status":"open","sticky":false,"template":"","format":"standard","meta":{"footnotes":""},"categories":[27,28],"tags":[],"class_list":{"0":"post-3087","1":"post","2":"type-post","3":"status-publish","4":"format-standard","5":"has-post-thumbnail","7":"category-interior","8":"category-locales"},"aioseo_notices":[],"_links":{"self":[{"href":"https:\/\/lalupa24.com.ar\/index.php\/wp-json\/wp\/v2\/posts\/3087","targetHints":{"allow":["GET"]}}],"collection":[{"href":"https:\/\/lalupa24.com.ar\/index.php\/wp-json\/wp\/v2\/posts"}],"about":[{"href":"https:\/\/lalupa24.com.ar\/index.php\/wp-json\/wp\/v2\/types\/post"}],"author":[{"embeddable":true,"href":"https:\/\/lalupa24.com.ar\/index.php\/wp-json\/wp\/v2\/users\/2"}],"replies":[{"embeddable":true,"href":"https:\/\/lalupa24.com.ar\/index.php\/wp-json\/wp\/v2\/comments?post=3087"}],"version-history":[{"count":1,"href":"https:\/\/lalupa24.com.ar\/index.php\/wp-json\/wp\/v2\/posts\/3087\/revisions"}],"predecessor-version":[{"id":3089,"href":"https:\/\/lalupa24.com.ar\/index.php\/wp-json\/wp\/v2\/posts\/3087\/revisions\/3089"}],"wp:featuredmedia":[{"embeddable":true,"href":"https:\/\/lalupa24.com.ar\/index.php\/wp-json\/wp\/v2\/media\/3088"}],"wp:attachment":[{"href":"https:\/\/lalupa24.com.ar\/index.php\/wp-json\/wp\/v2\/media?parent=3087"}],"wp:term":[{"taxonomy":"category","embeddable":true,"href":"https:\/\/lalupa24.com.ar\/index.php\/wp-json\/wp\/v2\/categories?post=3087"},{"taxonomy":"post_tag","embeddable":true,"href":"https:\/\/lalupa24.com.ar\/index.php\/wp-json\/wp\/v2\/tags?post=3087"}],"curies":[{"name":"wp","href":"https:\/\/api.w.org\/{rel}","templated":true}]}}