{"id":3096,"date":"2025-01-11T12:17:21","date_gmt":"2025-01-11T15:17:21","guid":{"rendered":"https:\/\/lalupa24.com.ar\/?p=3096"},"modified":"2025-01-11T12:17:23","modified_gmt":"2025-01-11T15:17:23","slug":"charla-activa-tu-fortaleza-unidos-frente-a-los-consumos-problematicos","status":"publish","type":"post","link":"https:\/\/lalupa24.com.ar\/index.php\/2025\/01\/11\/charla-activa-tu-fortaleza-unidos-frente-a-los-consumos-problematicos\/","title":{"rendered":"Charla \u201cactiva tu fortaleza: unidos frente a los consumos problem\u00e1ticos\u201d"},"content":{"rendered":"\n<p><\/p>\n\n\n\n<p><em>El Camping municipal de Villa R\u00edo Bermejito, fue escenario para la charla &#8220;Activa tu Fortaleza: Unidos Frente a los Consumos Problem\u00e1ticos&#8221; donde se dieron cita j\u00f3venes, padres e instituciones de la comunidad.<\/em><\/p>\n\n\n\n<p>En el marco del lanzamiento de la temporada estival organizada por el municipio local, el intendente Omar Reis y el Instituto de Turismo de la provincia junto con el Programa Provincial Fortaleza y la Direcci\u00f3n de Salud Mental del Ministerio de Salud P\u00fablica, el evento de ayer abord\u00f3 uno de los temas m\u00e1s urgentes en la actualidad vinculado a los consumos problem\u00e1ticos.<br>La actividad cont\u00f3 con la presencia del Dr. Salvador Cu\u00f1o y la Lic. Solange Krejci, quienes expusieron sobre el impacto f\u00edsico, ps\u00edquico y emocional que genera el consumo problem\u00e1tico de sustancias en j\u00f3venes. Los especialistas enfatizaron en la necesidad de prohibir la venta de bebidas alcoh\u00f3licas a menores de edad, destacando los riesgos que estas pr\u00e1cticas conllevan para la salud y seguridad de los adolescentes. Adem\u00e1s, recalcaron la importancia del rol de la familia como red de apoyo fundamental, y animaron a estar atentos a los cambios conductuales en los j\u00f3venes como se\u00f1ales de alerta.<br>El evento se enriqueci\u00f3 con la participaci\u00f3n de diversas instituciones y actores claves de la comunidad, como el personal del Hospital de Villa R\u00edo Bermejito, la delegaci\u00f3n local de la Polic\u00eda del Chaco, el Juzgado de Paz, representantes del programa \u00d1anchec, iglesias de distintos cultos, concejales, entre otros, los cuales se mostraron muy interesados en conocer el funcionamiento del programa, el alcance de las intervenciones y los planes futuros. La presencia de estos actores subray\u00f3 el compromiso colectivo frente a esta problem\u00e1tica.<\/p>\n\n\n\n<p><em>Enfoque en la prevenci\u00f3n y en las redes comunitarias<\/em><br>La charla tuvo como objetivo principal concienciar sobre los desaf\u00edos que representa el consumo problem\u00e1tico y generar un espacio para adquirir herramientas que permitan a la comunidad actuar de manera efectiva. Durante el encuentro, se presentaron los dispositivos de contenci\u00f3n y asistencia disponibles tanto en la provincia como en Villa R\u00edo Bermejito, ofreciendo a los asistentes informaci\u00f3n pr\u00e1ctica y accesible.<br>Adem\u00e1s de destacar el impacto del consumo problem\u00e1tico, el evento promovi\u00f3 un llamado a la acci\u00f3n para fortalecer el lazo comunitario, impulsando el compromiso conjunto de personas, instituciones y l\u00edderes locales.<br>Espacios de contenci\u00f3n y asistencia<br><em>Tambi\u00e9n informaron sobre las l\u00edneas que funcionar las 24 horas apoyando la salud mental de la comunidad. Recordando que: si necesitas ayuda o conoces a alguien pueden comunicarse con la guardia remota en turno diurno (de 08 a 20 horas) al 3624-618432 o en turno nocturno (de 20 a 08 horas) al 3624-814825.<\/em><br>El encuentro dej\u00f3 un mensaje claro: la lucha contra los consumos problem\u00e1ticos es un desaf\u00edo que requiere el esfuerzo conjunto de toda la sociedad.<\/p>\n","protected":false},"excerpt":{"rendered":"<p>El Camping municipal de Villa R\u00edo Bermejito, fue escenario para la charla &#8220;Activa tu Fortaleza: Unidos Frente a los Consumos Problem\u00e1ticos&#8221; donde se dieron cita j\u00f3venes, padres e instituciones de la comunidad. En el marco del lanzamiento de la temporada estival organizada por el municipio local, el intendente Omar Reis y el Instituto de Turismo [&hellip;]<\/p>\n","protected":false},"author":2,"featured_media":3097,"comment_status":"open","ping_status":"open","sticky":false,"template":"","format":"standard","meta":{"footnotes":""},"categories":[28],"tags":[],"class_list":{"0":"post-3096","1":"post","2":"type-post","3":"status-publish","4":"format-standard","5":"has-post-thumbnail","7":"category-locales"},"aioseo_notices":[],"_links":{"self":[{"href":"https:\/\/lalupa24.com.ar\/index.php\/wp-json\/wp\/v2\/posts\/3096","targetHints":{"allow":["GET"]}}],"collection":[{"href":"https:\/\/lalupa24.com.ar\/index.php\/wp-json\/wp\/v2\/posts"}],"about":[{"href":"https:\/\/lalupa24.com.ar\/index.php\/wp-json\/wp\/v2\/types\/post"}],"author":[{"embeddable":true,"href":"https:\/\/lalupa24.com.ar\/index.php\/wp-json\/wp\/v2\/users\/2"}],"replies":[{"embeddable":true,"href":"https:\/\/lalupa24.com.ar\/index.php\/wp-json\/wp\/v2\/comments?post=3096"}],"version-history":[{"count":1,"href":"https:\/\/lalupa24.com.ar\/index.php\/wp-json\/wp\/v2\/posts\/3096\/revisions"}],"predecessor-version":[{"id":3098,"href":"https:\/\/lalupa24.com.ar\/index.php\/wp-json\/wp\/v2\/posts\/3096\/revisions\/3098"}],"wp:featuredmedia":[{"embeddable":true,"href":"https:\/\/lalupa24.com.ar\/index.php\/wp-json\/wp\/v2\/media\/3097"}],"wp:attachment":[{"href":"https:\/\/lalupa24.com.ar\/index.php\/wp-json\/wp\/v2\/media?parent=3096"}],"wp:term":[{"taxonomy":"category","embeddable":true,"href":"https:\/\/lalupa24.com.ar\/index.php\/wp-json\/wp\/v2\/categories?post=3096"},{"taxonomy":"post_tag","embeddable":true,"href":"https:\/\/lalupa24.com.ar\/index.php\/wp-json\/wp\/v2\/tags?post=3096"}],"curies":[{"name":"wp","href":"https:\/\/api.w.org\/{rel}","templated":true}]}}