{"id":3106,"date":"2025-01-13T10:54:22","date_gmt":"2025-01-13T13:54:22","guid":{"rendered":"https:\/\/lalupa24.com.ar\/?p=3106"},"modified":"2025-01-13T10:54:24","modified_gmt":"2025-01-13T13:54:24","slug":"milei-habilita-sesiones-extraordinarias-para-eliminar-las-paso-y-la-oposicion-reclama-el-presupuesto-2025","status":"publish","type":"post","link":"https:\/\/lalupa24.com.ar\/index.php\/2025\/01\/13\/milei-habilita-sesiones-extraordinarias-para-eliminar-las-paso-y-la-oposicion-reclama-el-presupuesto-2025\/","title":{"rendered":"Milei\u00a0habilita\u00a0sesiones\u00a0extraordinarias\u00a0para eliminar las PASO y la oposici\u00f3n reclama el Presupuesto 2025."},"content":{"rendered":"\n<p>El presidente Javier Milei ha convocado formalmente al Congreso de la Naci\u00f3n a sesiones extraordinarias que se llevar\u00e1n a cabo entre el 20 de enero y el 21 de febrero de 2025. El objetivo es debatir una serie de proyectos presentados por el Gobierno, algunos de los cuales han generado controversia y requieren negociaciones con la oposici\u00f3n, especialmente con el PRO, partido liderado por Mauricio Macri.<\/p>\n\n\n\n<p>Entre las iniciativas m\u00e1s destacadas se encuentra la propuesta de eliminaci\u00f3n de las elecciones Primarias, Abiertas, Simult\u00e1neas y Obligatorias (PASO). Esta medida ha suscitado un intenso debate dentro del PRO, donde existen posturas divergentes: algunos dirigentes abogan por suspender las PASO \u00fanicamente para 2025, permitiendo su reinstauraci\u00f3n en 2027, mientras que otros promueven su eliminaci\u00f3n definitiva. El oficialismo, por su parte, sostiene que las PASO representan un gasto innecesario y buscan suprimirlas de manera permanente.<\/p>\n\n\n\n<p>Otro punto de discusi\u00f3n es la consideraci\u00f3n de los pliegos de los jueces Ariel Lijo y Manuel Garc\u00eda Mansilla para su incorporaci\u00f3n a la Corte Suprema de Justicia. En este caso, el Gobierno necesita obtener el apoyo de dos tercios del Senado para lograr su aprobaci\u00f3n. Sin embargo, la falta de consenso dentro del PRO y las tensiones pol\u00edticas entre el presidente Milei y la vicepresidenta Victoria Villarruel complican las negociaciones.<\/p>\n\n\n\n<p>Adem\u00e1s, se incluir\u00e1 en el temario el proyecto de \u00abFicha Limpia\u00bb, que busca impedir que personas condenadas en segunda instancia por delitos de corrupci\u00f3n puedan postularse a cargos electivos. Esta iniciativa cuenta con el respaldo tanto del oficialismo como del PRO, ya que fue elaborada en conjunto por representantes de ambas fuerzas pol\u00edticas, lo que anticipa un debate m\u00e1s fluido y una probable aprobaci\u00f3n.<\/p>\n\n\n\n<p>Otros proyectos a tratar durante las sesiones extraordinarias incluyen la denominada \u00abLey Antimafias\u00bb, que propone medidas para desarticular organizaciones criminales; la regulaci\u00f3n del \u00abJuicio en ausencia\u00bb para ciertos delitos graves; y el r\u00e9gimen de reiterancia y unificaci\u00f3n de condenas, que busca endurecer las penas para reincidentes. Estas iniciativas tambi\u00e9n han sido trabajadas en conjunto con el PRO, lo que podr\u00eda facilitar su tratamiento en el Congreso.<\/p>\n\n\n\n<p>La convocatoria a sesiones extraordinarias se produce en un contexto pol\u00edtico marcado por las negociaciones electorales entre el oficialismo y el PRO, de cara a los comicios legislativos de este a\u00f1o. La capacidad del Gobierno para destrabar los proyectos m\u00e1s conflictivos depender\u00e1 en gran medida de su habilidad para alcanzar consensos y sortear las diferencias internas dentro de las fuerzas pol\u00edticas involucradas.<\/p>\n","protected":false},"excerpt":{"rendered":"<p>El presidente Javier Milei ha convocado formalmente al Congreso de la Naci\u00f3n a sesiones extraordinarias que se llevar\u00e1n a cabo entre el 20 de enero y el 21 de febrero de 2025. El objetivo es debatir una serie de proyectos presentados por el Gobierno, algunos de los cuales han generado controversia y requieren negociaciones con [&hellip;]<\/p>\n","protected":false},"author":2,"featured_media":3107,"comment_status":"open","ping_status":"open","sticky":false,"template":"","format":"standard","meta":{"footnotes":""},"categories":[26],"tags":[],"class_list":{"0":"post-3106","1":"post","2":"type-post","3":"status-publish","4":"format-standard","5":"has-post-thumbnail","7":"category-nacionales"},"aioseo_notices":[],"_links":{"self":[{"href":"https:\/\/lalupa24.com.ar\/index.php\/wp-json\/wp\/v2\/posts\/3106","targetHints":{"allow":["GET"]}}],"collection":[{"href":"https:\/\/lalupa24.com.ar\/index.php\/wp-json\/wp\/v2\/posts"}],"about":[{"href":"https:\/\/lalupa24.com.ar\/index.php\/wp-json\/wp\/v2\/types\/post"}],"author":[{"embeddable":true,"href":"https:\/\/lalupa24.com.ar\/index.php\/wp-json\/wp\/v2\/users\/2"}],"replies":[{"embeddable":true,"href":"https:\/\/lalupa24.com.ar\/index.php\/wp-json\/wp\/v2\/comments?post=3106"}],"version-history":[{"count":1,"href":"https:\/\/lalupa24.com.ar\/index.php\/wp-json\/wp\/v2\/posts\/3106\/revisions"}],"predecessor-version":[{"id":3108,"href":"https:\/\/lalupa24.com.ar\/index.php\/wp-json\/wp\/v2\/posts\/3106\/revisions\/3108"}],"wp:featuredmedia":[{"embeddable":true,"href":"https:\/\/lalupa24.com.ar\/index.php\/wp-json\/wp\/v2\/media\/3107"}],"wp:attachment":[{"href":"https:\/\/lalupa24.com.ar\/index.php\/wp-json\/wp\/v2\/media?parent=3106"}],"wp:term":[{"taxonomy":"category","embeddable":true,"href":"https:\/\/lalupa24.com.ar\/index.php\/wp-json\/wp\/v2\/categories?post=3106"},{"taxonomy":"post_tag","embeddable":true,"href":"https:\/\/lalupa24.com.ar\/index.php\/wp-json\/wp\/v2\/tags?post=3106"}],"curies":[{"name":"wp","href":"https:\/\/api.w.org\/{rel}","templated":true}]}}