{"id":3141,"date":"2025-01-14T13:33:53","date_gmt":"2025-01-14T16:33:53","guid":{"rendered":"https:\/\/lalupa24.com.ar\/?p=3141"},"modified":"2025-01-14T13:33:55","modified_gmt":"2025-01-14T16:33:55","slug":"alerta-por-alto-riesgo-de-incendios","status":"publish","type":"post","link":"https:\/\/lalupa24.com.ar\/index.php\/2025\/01\/14\/alerta-por-alto-riesgo-de-incendios\/","title":{"rendered":"Alerta por alto riesgo de incendios"},"content":{"rendered":"\n<p><\/p>\n\n\n\n<p><em>El gobierno del Chaco pide colaboraci\u00f3n a la comunidad para evitar focos de incendios y para cuidarnos entre todos.<\/em><\/p>\n\n\n\n<p><em>A trav\u00e9s de Protecci\u00f3n Civil, perteneciente al Ministerio de Gobierno, Justicia, Trabajo y Derechos Humanos, el gobierno provincial insiste en la prevenci\u00f3n por el alto riesgo de incendios.<\/em><br>Durante los pr\u00f3ximos d\u00edas, el riesgo de incendios es muy alto, producto de una gran sequ\u00eda y condiciones clim\u00e1ticas adversas. En base a estas cuestiones, el gobierno recomienda pasos a seguir para evitar la propagaci\u00f3n del fuego dentro de la comunidad:<\/p>\n\n\n\n<ul class=\"wp-block-list\">\n<li>No quemar ramas, palos o bolsas de residuos en terrenos bald\u00edos.<\/li>\n\n\n\n<li>Reservar 10 metros de cabecera entre espacios de sembrado para evitar la propagaci\u00f3n de posibles focos.<\/li>\n\n\n\n<li>No prender fuego en zonas con vegetaci\u00f3n abundante en \u00e9pocas de sequias y vientos.<\/li>\n\n\n\n<li>Evita acumular residuos de poda, le\u00f1a, neum\u00e1ticos, bidones combustibles bajo las cortinas de \u00e1rboles.<br>Adem\u00e1s, sobre la quema en zona rural, apelan a que cada propietario que a la hora de hacer una quema, informe a los bomberos sobre ella y tener a mano un corta fuego.<br>Ante cualquier emergencia, comunicarse a:<br>.Polic\u00eda 911<br>.Bomberos 100<br>.Defensa Civil 103.<\/li>\n<\/ul>\n","protected":false},"excerpt":{"rendered":"<p>El gobierno del Chaco pide colaboraci\u00f3n a la comunidad para evitar focos de incendios y para cuidarnos entre todos. A trav\u00e9s de Protecci\u00f3n Civil, perteneciente al Ministerio de Gobierno, Justicia, Trabajo y Derechos Humanos, el gobierno provincial insiste en la prevenci\u00f3n por el alto riesgo de incendios.Durante los pr\u00f3ximos d\u00edas, el riesgo de incendios es [&hellip;]<\/p>\n","protected":false},"author":2,"featured_media":3148,"comment_status":"open","ping_status":"open","sticky":false,"template":"","format":"standard","meta":{"footnotes":""},"categories":[28],"tags":[],"class_list":{"0":"post-3141","1":"post","2":"type-post","3":"status-publish","4":"format-standard","5":"has-post-thumbnail","7":"category-locales"},"aioseo_notices":[],"_links":{"self":[{"href":"https:\/\/lalupa24.com.ar\/index.php\/wp-json\/wp\/v2\/posts\/3141","targetHints":{"allow":["GET"]}}],"collection":[{"href":"https:\/\/lalupa24.com.ar\/index.php\/wp-json\/wp\/v2\/posts"}],"about":[{"href":"https:\/\/lalupa24.com.ar\/index.php\/wp-json\/wp\/v2\/types\/post"}],"author":[{"embeddable":true,"href":"https:\/\/lalupa24.com.ar\/index.php\/wp-json\/wp\/v2\/users\/2"}],"replies":[{"embeddable":true,"href":"https:\/\/lalupa24.com.ar\/index.php\/wp-json\/wp\/v2\/comments?post=3141"}],"version-history":[{"count":1,"href":"https:\/\/lalupa24.com.ar\/index.php\/wp-json\/wp\/v2\/posts\/3141\/revisions"}],"predecessor-version":[{"id":3149,"href":"https:\/\/lalupa24.com.ar\/index.php\/wp-json\/wp\/v2\/posts\/3141\/revisions\/3149"}],"wp:featuredmedia":[{"embeddable":true,"href":"https:\/\/lalupa24.com.ar\/index.php\/wp-json\/wp\/v2\/media\/3148"}],"wp:attachment":[{"href":"https:\/\/lalupa24.com.ar\/index.php\/wp-json\/wp\/v2\/media?parent=3141"}],"wp:term":[{"taxonomy":"category","embeddable":true,"href":"https:\/\/lalupa24.com.ar\/index.php\/wp-json\/wp\/v2\/categories?post=3141"},{"taxonomy":"post_tag","embeddable":true,"href":"https:\/\/lalupa24.com.ar\/index.php\/wp-json\/wp\/v2\/tags?post=3141"}],"curies":[{"name":"wp","href":"https:\/\/api.w.org\/{rel}","templated":true}]}}