{"id":3142,"date":"2025-01-14T13:13:19","date_gmt":"2025-01-14T16:13:19","guid":{"rendered":"https:\/\/lalupa24.com.ar\/?p=3142"},"modified":"2025-01-14T13:13:21","modified_gmt":"2025-01-14T16:13:21","slug":"el-carnaval-de-corrientes-se-promocionara-en-buenos-aires-y-en-asuncion-del-paraguay","status":"publish","type":"post","link":"https:\/\/lalupa24.com.ar\/index.php\/2025\/01\/14\/el-carnaval-de-corrientes-se-promocionara-en-buenos-aires-y-en-asuncion-del-paraguay\/","title":{"rendered":"El Carnaval de Corrientes se promocionar\u00e1 en Buenos Aires y en Asunci\u00f3n del Paraguay"},"content":{"rendered":"\n<p>El jueves 16 y 17 de enero, el Carnaval de Corrientes se lucir\u00e1 con todo su esplendor en la ciudad aut\u00f3noma de Buenos Aires y en Asunci\u00f3n del Paraguay. Organizado por el Gobierno de Corrientes y con el acompa\u00f1amiento del Ministerio de Turismo, esta gira contar\u00e1 con la colaboraci\u00f3n de integrantes de diversas agrupaciones y comparsas de la ciudad de Corrientes con el fin de promocionar uno de los eventos populares m\u00e1s significativos que tiene la Provincia de Corrientes.<\/p>\n\n\n\n<p>&nbsp;En programa de tv y en Shopping Recoleta<\/p>\n\n\n\n<p>Asimismo, como invitados especiales el d\u00eda 16 de enero a las 14: 30 horas y con un gran desfile de trajes artesanales, bailes y m\u00fasica, cada uno de los integrantes de las comparsas brillar\u00e1 ante el programa de tv \u201cCon Bienestar\u201d de canal 13- TN de la ciudad de Buenos Aires.<\/p>\n\n\n\n<p>Por otra parte, el carnaval correntino har\u00e1 su presentaci\u00f3n y desfile en \u201cShopping Recoleta\u201d, el 16 de enero a las 18:30 horas y en este marco tambi\u00e9n se brindar\u00e1 informaci\u00f3n tur\u00edstica al p\u00fablico en general. 14:30 horas<\/p>\n\n\n\n<p>En Hotel Guaran\u00ed y Paseo Galer\u00eda<\/p>\n\n\n\n<p>Primeramente, las actividades en Asunci\u00f3n del Paraguay, tendr\u00e1n lugar el d\u00eda viernes 17 de enero a las 12 horas en el Hotel Guaran\u00ed, donde se realizar\u00e1 una conferencia de prensa: \u201clanzamiento de carnavales de Corrientes\u201d. Por otra parte, a las 18:30 horas ser\u00e1 el desfile de comparsas en Paseo la Galer\u00eda.<\/p>\n","protected":false},"excerpt":{"rendered":"<p>El jueves 16 y 17 de enero, el Carnaval de Corrientes se lucir\u00e1 con todo su esplendor en la ciudad aut\u00f3noma de Buenos Aires y en Asunci\u00f3n del Paraguay. Organizado por el Gobierno de Corrientes y con el acompa\u00f1amiento del Ministerio de Turismo, esta gira contar\u00e1 con la colaboraci\u00f3n de integrantes de diversas agrupaciones y [&hellip;]<\/p>\n","protected":false},"author":11,"featured_media":3143,"comment_status":"open","ping_status":"open","sticky":false,"template":"","format":"standard","meta":{"footnotes":""},"categories":[156],"tags":[],"class_list":{"0":"post-3142","1":"post","2":"type-post","3":"status-publish","4":"format-standard","5":"has-post-thumbnail","7":"category-regional"},"aioseo_notices":[],"_links":{"self":[{"href":"https:\/\/lalupa24.com.ar\/index.php\/wp-json\/wp\/v2\/posts\/3142","targetHints":{"allow":["GET"]}}],"collection":[{"href":"https:\/\/lalupa24.com.ar\/index.php\/wp-json\/wp\/v2\/posts"}],"about":[{"href":"https:\/\/lalupa24.com.ar\/index.php\/wp-json\/wp\/v2\/types\/post"}],"author":[{"embeddable":true,"href":"https:\/\/lalupa24.com.ar\/index.php\/wp-json\/wp\/v2\/users\/11"}],"replies":[{"embeddable":true,"href":"https:\/\/lalupa24.com.ar\/index.php\/wp-json\/wp\/v2\/comments?post=3142"}],"version-history":[{"count":1,"href":"https:\/\/lalupa24.com.ar\/index.php\/wp-json\/wp\/v2\/posts\/3142\/revisions"}],"predecessor-version":[{"id":3144,"href":"https:\/\/lalupa24.com.ar\/index.php\/wp-json\/wp\/v2\/posts\/3142\/revisions\/3144"}],"wp:featuredmedia":[{"embeddable":true,"href":"https:\/\/lalupa24.com.ar\/index.php\/wp-json\/wp\/v2\/media\/3143"}],"wp:attachment":[{"href":"https:\/\/lalupa24.com.ar\/index.php\/wp-json\/wp\/v2\/media?parent=3142"}],"wp:term":[{"taxonomy":"category","embeddable":true,"href":"https:\/\/lalupa24.com.ar\/index.php\/wp-json\/wp\/v2\/categories?post=3142"},{"taxonomy":"post_tag","embeddable":true,"href":"https:\/\/lalupa24.com.ar\/index.php\/wp-json\/wp\/v2\/tags?post=3142"}],"curies":[{"name":"wp","href":"https:\/\/api.w.org\/{rel}","templated":true}]}}