{"id":3169,"date":"2025-01-14T14:47:00","date_gmt":"2025-01-14T17:47:00","guid":{"rendered":"https:\/\/lalupa24.com.ar\/?p=3169"},"modified":"2025-01-14T14:47:00","modified_gmt":"2025-01-14T17:47:00","slug":"incendio-en-sierras-de-tandil-el-fuego-ya-esta-controlado-aunque-todavia-hay-focos-activos","status":"publish","type":"post","link":"https:\/\/lalupa24.com.ar\/index.php\/2025\/01\/14\/incendio-en-sierras-de-tandil-el-fuego-ya-esta-controlado-aunque-todavia-hay-focos-activos\/","title":{"rendered":"Incendio en Sierras de Tandil: el fuego ya est\u00e1 &#8220;controlado&#8221;, aunque todav\u00eda hay focos activos"},"content":{"rendered":"\n<p>Las llamas arrasaron un amplio terreno del Cerro de la Cruz y preocuparon a los habitantes de la zona, aunque los bomberos trabajaron en el lugar para detener su expansi\u00f3n.<\/p>\n\n\n\n<p>Un importante incendio forestal se desat\u00f3 este lunes en una zona cercana a las Sierras de Tandil, hacia el sur de la provincia de Buenos Aires. Se trata del Cerro de la Cruz, un amplio sector que est\u00e1 situado entre el Paseo del Bicentenario y Villa del Lago.<\/p>\n\n\n\n<p>Los primeros datos brindados por el portal Eleco indicaron que se encontraban afectados alrededor de 800 metros, en las sierras que separan el Parque del Bicentenario y Las \u00c1nimas. Finalmente, la actuaci\u00f3n de los bomberos ayud\u00f3 a controlar el fuego, aunque permanecen algunos focos activos.<\/p>\n\n\n\n<p>Seg\u00fan los medios locales, testigos dijeron que el fuego comenz\u00f3 a propagarse muy r\u00e1pido, poniendo en peligro las zonas cercanas, ya que es una zona urbanizada donde hay casas e incluso restaurantes. A trav\u00e9s de distintas fotos y videos que compartieron usuarios en la red social X se pudo observar la magnitud y la gravedad del incendio.<\/p>\n\n\n\n<p>Si bien se desconocen los motivos de las llamas, las autoridades no descartan el impacto de las altas temperaturas que llegaron a los 32\u00b0, en una zona donde la sequ\u00eda predomina hace d\u00edas.<\/p>\n\n\n\n<p>Operativo contra las llamas en Tandil<\/p>\n\n\n\n<p>El operativo para tratar de apagar el fuego comenz\u00f3 este lunes cera de las 19 h, el cual involucr\u00f3 varias dotaciones de bomberos del Cuartel Central, quienes estuvieron trabajando con dos camiones hidrantes. Durante este martes, se comunic\u00f3 el avance de los trabajos.<\/p>\n\n\n\n<p>Diego Ib\u00e1\u00f1ez, jefe del operativo, indic\u00f3 a medios locales que &#8220;si bien actualmente el incendio est\u00e1 contenido, existen algunos focos activos en el flanco noreste y este, cercano a la Sierra de Las \u00c1nimas&#8221;.<\/p>\n\n\n\n<p>Producto de la intensidad, durante la noche debieron ingresar a la zona con mochilas debido al alcance de las llamas. Tambi\u00e9n participaba la Polic\u00eda Ecol\u00f3gica.<\/p>\n\n\n\n<p>Por otra parte, las autoridades cortaron el tr\u00e1nsito para facilitar el desplazamiento y evitar cualquier riesgo para los ciudadanos. Ahora, esperan la ayuda de los efectivos del Cuartel Villa Italia para intensificar el trabajo y evitar que llegue a zonas residenciales, como Villa del Lago.<\/p>\n\n\n\n<p>Hasta el momento no hubo reportes de da\u00f1os materiales en viviendas. Sin embargo, las autoridades pidieron a los vecinos que se alejen del \u00e1rea y que colaboren con las indicaciones.<\/p>\n","protected":false},"excerpt":{"rendered":"<p>Las llamas arrasaron un amplio terreno del Cerro de la Cruz y preocuparon a los habitantes de la zona, aunque los bomberos trabajaron en el lugar para detener su expansi\u00f3n. Un importante incendio forestal se desat\u00f3 este lunes en una zona cercana a las Sierras de Tandil, hacia el sur de la provincia de Buenos [&hellip;]<\/p>\n","protected":false},"author":11,"featured_media":3170,"comment_status":"open","ping_status":"open","sticky":false,"template":"","format":"standard","meta":{"footnotes":""},"categories":[26],"tags":[],"class_list":{"0":"post-3169","1":"post","2":"type-post","3":"status-publish","4":"format-standard","5":"has-post-thumbnail","7":"category-nacionales"},"aioseo_notices":[],"_links":{"self":[{"href":"https:\/\/lalupa24.com.ar\/index.php\/wp-json\/wp\/v2\/posts\/3169","targetHints":{"allow":["GET"]}}],"collection":[{"href":"https:\/\/lalupa24.com.ar\/index.php\/wp-json\/wp\/v2\/posts"}],"about":[{"href":"https:\/\/lalupa24.com.ar\/index.php\/wp-json\/wp\/v2\/types\/post"}],"author":[{"embeddable":true,"href":"https:\/\/lalupa24.com.ar\/index.php\/wp-json\/wp\/v2\/users\/11"}],"replies":[{"embeddable":true,"href":"https:\/\/lalupa24.com.ar\/index.php\/wp-json\/wp\/v2\/comments?post=3169"}],"version-history":[{"count":1,"href":"https:\/\/lalupa24.com.ar\/index.php\/wp-json\/wp\/v2\/posts\/3169\/revisions"}],"predecessor-version":[{"id":3171,"href":"https:\/\/lalupa24.com.ar\/index.php\/wp-json\/wp\/v2\/posts\/3169\/revisions\/3171"}],"wp:featuredmedia":[{"embeddable":true,"href":"https:\/\/lalupa24.com.ar\/index.php\/wp-json\/wp\/v2\/media\/3170"}],"wp:attachment":[{"href":"https:\/\/lalupa24.com.ar\/index.php\/wp-json\/wp\/v2\/media?parent=3169"}],"wp:term":[{"taxonomy":"category","embeddable":true,"href":"https:\/\/lalupa24.com.ar\/index.php\/wp-json\/wp\/v2\/categories?post=3169"},{"taxonomy":"post_tag","embeddable":true,"href":"https:\/\/lalupa24.com.ar\/index.php\/wp-json\/wp\/v2\/tags?post=3169"}],"curies":[{"name":"wp","href":"https:\/\/api.w.org\/{rel}","templated":true}]}}