{"id":3242,"date":"2025-01-17T09:45:00","date_gmt":"2025-01-17T12:45:00","guid":{"rendered":"https:\/\/lalupa24.com.ar\/?p=3242"},"modified":"2025-01-16T23:50:04","modified_gmt":"2025-01-17T02:50:04","slug":"cuales-son-los-principales-riesgos-globales-guerra-desinformacion-y-medioambiente-lideran-la-lista","status":"publish","type":"post","link":"https:\/\/lalupa24.com.ar\/index.php\/2025\/01\/17\/cuales-son-los-principales-riesgos-globales-guerra-desinformacion-y-medioambiente-lideran-la-lista\/","title":{"rendered":"\u00bfCu\u00e1les son los principales riesgos globales? Guerra, desinformaci\u00f3n y medioambiente lideran la lista"},"content":{"rendered":"\n<p>El Foro Econ\u00f3mico Mundial ha publicado este mi\u00e9rcoles su Informe de Riesgos Globales, que se basa en una encuesta a m\u00e1s de 900 l\u00edderes mundiales del sector p\u00fablico y el privado, la sociedad civil y el mundo acad\u00e9mico.<\/p>\n\n\n\n<p>Los conflictos armados, la desinformaci\u00f3n y los desaf\u00edos medioambientales encabezan la lista de riesgos globales m\u00e1s inmediatos as\u00ed como a corto y largo plazo, respectivamente, seg\u00fan los resultados difundidos este mi\u00e9rcoles por el Foro Econ\u00f3mico Mundial.<\/p>\n\n\n\n<p>Son las principales conclusiones del Informe de Riesgos Globales, publicado este mi\u00e9rcoles, que recoge las opiniones de m\u00e1s de 900 l\u00edderes mundiales del sector p\u00fablico y el privado, adem\u00e1s de la sociedad civil y el \u00e1mbito acad\u00e9mico.<\/p>\n\n\n\n<p>Aunque el informe identifica riesgos acuciantes en el horizonte m\u00e1s inmediato, los participantes en la encuesta se muestran menos optimistas en sus perspectivas a largo plazo, con casi dos tercios de los encuestados vaticinando &#8220;un panorama mundial turbulento o agitado para 2035, impulsado en particular por la intensificaci\u00f3n de los desaf\u00edos medioambientales, tecnol\u00f3gicos y sociales&#8221;, seg\u00fan el tambi\u00e9n conocido como Foro de Davos.<\/p>\n\n\n\n<p>&#8220;El aumento de las tensiones geopol\u00edticas, la fractura de la confianza mundial y la crisis clim\u00e1tica est\u00e1n tensando el equilibrio del sistema global como nunca antes&#8221;, se\u00f1al\u00f3 en declaraciones recogidas en una nota de prensa Mirek Dusek, director general del Foro Econ\u00f3mico Mundial.<\/p>\n\n\n\n<p>Principales preocupaciones en los diferentes horizontes temporales<\/p>\n\n\n\n<p>El informe se\u00f1ala a los conflictos armados entre pa\u00edses como el riesgo global m\u00e1s urgente para el a\u00f1o en curso, mientras que la desinformaci\u00f3n se sit\u00faa a la cabeza de los principales riesgos a corto plazo, seguida de otros como los fen\u00f3menos meteorol\u00f3gicos extremos, la polarizaci\u00f3n social, el ciberespionaje y la guerra.<\/p>\n\n\n\n<p>Las perspectivas sobre riesgos a largo plazo est\u00e1n dominadas por los riesgos medioambientales, donde de nuevo cobran protagonismo los fen\u00f3menos meteorol\u00f3gicos extremos, junto con la p\u00e9rdida de biodiversidad y los cambios cr\u00edticos en ecosistemas y sistemas terrestres.<\/p>\n\n\n\n<p>Los expertos se\u00f1alan que estos desaf\u00edos y riesgos globales no son compartimentos estancos, sino que guardan relaci\u00f3n entre s\u00ed y, por ello, exigen respuestas coordinadas. &#8220;Desde los conflictos hasta el cambio clim\u00e1tico, nos enfrentamos a crisis interconectadas que exigen una acci\u00f3n coordinada y colectiva&#8221;, expone Mark Elsner, director de la Iniciativa de Riesgos Globales del Foro Econ\u00f3mico Mundial.<\/p>\n\n\n\n<p>&#8220;Es urgente renovar los esfuerzos para reconstruir la confianza y fomentar la cooperaci\u00f3n. Las consecuencias de la inacci\u00f3n podr\u00edan sufrirse durante generaciones&#8221;, a\u00f1ade Elsner. En ese sentido, el Foro de Davos llama a priorizar el di\u00e1logo entre pa\u00edses, &#8220;reforzar los lazos internacionales y fomentar las condiciones para renovar la colaboraci\u00f3n&#8221;.<\/p>\n\n\n\n<p>Los l\u00edderes mundiales se dar\u00e1n cita la pr\u00f3xima semana en Davos (Suiza), que acoger\u00e1 la reuni\u00f3n anual del Foro Econ\u00f3mico Mundial entre el 20 y el 24 de enero bajo el lema &#8216;Colaboraci\u00f3n para la era inteligente&#8217;.<\/p>\n","protected":false},"excerpt":{"rendered":"<p>El Foro Econ\u00f3mico Mundial ha publicado este mi\u00e9rcoles su Informe de Riesgos Globales, que se basa en una encuesta a m\u00e1s de 900 l\u00edderes mundiales del sector p\u00fablico y el privado, la sociedad civil y el mundo acad\u00e9mico. Los conflictos armados, la desinformaci\u00f3n y los desaf\u00edos medioambientales encabezan la lista de riesgos globales m\u00e1s inmediatos [&hellip;]<\/p>\n","protected":false},"author":11,"featured_media":3243,"comment_status":"open","ping_status":"open","sticky":false,"template":"","format":"standard","meta":{"footnotes":""},"categories":[25],"tags":[],"class_list":{"0":"post-3242","1":"post","2":"type-post","3":"status-publish","4":"format-standard","5":"has-post-thumbnail","7":"category-internacionales"},"aioseo_notices":[],"_links":{"self":[{"href":"https:\/\/lalupa24.com.ar\/index.php\/wp-json\/wp\/v2\/posts\/3242","targetHints":{"allow":["GET"]}}],"collection":[{"href":"https:\/\/lalupa24.com.ar\/index.php\/wp-json\/wp\/v2\/posts"}],"about":[{"href":"https:\/\/lalupa24.com.ar\/index.php\/wp-json\/wp\/v2\/types\/post"}],"author":[{"embeddable":true,"href":"https:\/\/lalupa24.com.ar\/index.php\/wp-json\/wp\/v2\/users\/11"}],"replies":[{"embeddable":true,"href":"https:\/\/lalupa24.com.ar\/index.php\/wp-json\/wp\/v2\/comments?post=3242"}],"version-history":[{"count":1,"href":"https:\/\/lalupa24.com.ar\/index.php\/wp-json\/wp\/v2\/posts\/3242\/revisions"}],"predecessor-version":[{"id":3244,"href":"https:\/\/lalupa24.com.ar\/index.php\/wp-json\/wp\/v2\/posts\/3242\/revisions\/3244"}],"wp:featuredmedia":[{"embeddable":true,"href":"https:\/\/lalupa24.com.ar\/index.php\/wp-json\/wp\/v2\/media\/3243"}],"wp:attachment":[{"href":"https:\/\/lalupa24.com.ar\/index.php\/wp-json\/wp\/v2\/media?parent=3242"}],"wp:term":[{"taxonomy":"category","embeddable":true,"href":"https:\/\/lalupa24.com.ar\/index.php\/wp-json\/wp\/v2\/categories?post=3242"},{"taxonomy":"post_tag","embeddable":true,"href":"https:\/\/lalupa24.com.ar\/index.php\/wp-json\/wp\/v2\/tags?post=3242"}],"curies":[{"name":"wp","href":"https:\/\/api.w.org\/{rel}","templated":true}]}}