{"id":3266,"date":"2025-01-17T09:38:51","date_gmt":"2025-01-17T12:38:51","guid":{"rendered":"https:\/\/lalupa24.com.ar\/?p=3266"},"modified":"2025-01-17T09:38:52","modified_gmt":"2025-01-17T12:38:52","slug":"las-reacciones-internacionales-sobre-el-alto-el-fuego-en-gaza","status":"publish","type":"post","link":"https:\/\/lalupa24.com.ar\/index.php\/2025\/01\/17\/las-reacciones-internacionales-sobre-el-alto-el-fuego-en-gaza\/","title":{"rendered":"Las reacciones internacionales sobre el alto el fuego en Gaza"},"content":{"rendered":"\n<p>El reciente acuerdo de alto el fuego en Gaza entre Israel y Ham\u00e1s, mediado por Qatar, Egipto y Estados Unidos, busca poner fin a 15 meses de conflicto y se formalizar\u00e1 el 19 de enero. Los l\u00edderes internacionales, incluidos el presidente estadounidense Joe Biden, el presidente egipcio Abdelfattah El-Sisi y el emir de Qatar Tamim bin Hamad al-Thani, celebraron el acuerdo, subrayando la importancia de una soluci\u00f3n de dos Estados para una paz sostenible.<\/p>\n\n\n\n<p>La ONU y la Uni\u00f3n Europea tambi\u00e9n felicitaron el acuerdo, destacando la oportunidad para abrir un camino hacia la paz y la estabilidad en la regi\u00f3n. Sin embargo, Ir\u00e1n celebr\u00f3 el acuerdo como una victoria para la resistencia palestina, criticando a los pa\u00edses occidentales por su apoyo a Israel.<\/p>\n\n\n\n<p>Dentro de Israel, el acuerdo fue mal recibido, ya que los medios israel\u00edes lo vieron como una victoria para Ham\u00e1s, dado que sus objetivos en Gaza no se vieron comprometidos. Las cr\u00edticas apuntan a que la tregua solo fortalece a Ham\u00e1s, lo que pone en duda su efectividad a largo plazo.<\/p>\n","protected":false},"excerpt":{"rendered":"<p>El reciente acuerdo de alto el fuego en Gaza entre Israel y Ham\u00e1s, mediado por Qatar, Egipto y Estados Unidos, busca poner fin a 15 meses de conflicto y se formalizar\u00e1 el 19 de enero. Los l\u00edderes internacionales, incluidos el presidente estadounidense Joe Biden, el presidente egipcio Abdelfattah El-Sisi y el emir de Qatar Tamim [&hellip;]<\/p>\n","protected":false},"author":2,"featured_media":3267,"comment_status":"open","ping_status":"open","sticky":false,"template":"","format":"standard","meta":{"footnotes":""},"categories":[25],"tags":[],"class_list":{"0":"post-3266","1":"post","2":"type-post","3":"status-publish","4":"format-standard","5":"has-post-thumbnail","7":"category-internacionales"},"aioseo_notices":[],"_links":{"self":[{"href":"https:\/\/lalupa24.com.ar\/index.php\/wp-json\/wp\/v2\/posts\/3266","targetHints":{"allow":["GET"]}}],"collection":[{"href":"https:\/\/lalupa24.com.ar\/index.php\/wp-json\/wp\/v2\/posts"}],"about":[{"href":"https:\/\/lalupa24.com.ar\/index.php\/wp-json\/wp\/v2\/types\/post"}],"author":[{"embeddable":true,"href":"https:\/\/lalupa24.com.ar\/index.php\/wp-json\/wp\/v2\/users\/2"}],"replies":[{"embeddable":true,"href":"https:\/\/lalupa24.com.ar\/index.php\/wp-json\/wp\/v2\/comments?post=3266"}],"version-history":[{"count":1,"href":"https:\/\/lalupa24.com.ar\/index.php\/wp-json\/wp\/v2\/posts\/3266\/revisions"}],"predecessor-version":[{"id":3268,"href":"https:\/\/lalupa24.com.ar\/index.php\/wp-json\/wp\/v2\/posts\/3266\/revisions\/3268"}],"wp:featuredmedia":[{"embeddable":true,"href":"https:\/\/lalupa24.com.ar\/index.php\/wp-json\/wp\/v2\/media\/3267"}],"wp:attachment":[{"href":"https:\/\/lalupa24.com.ar\/index.php\/wp-json\/wp\/v2\/media?parent=3266"}],"wp:term":[{"taxonomy":"category","embeddable":true,"href":"https:\/\/lalupa24.com.ar\/index.php\/wp-json\/wp\/v2\/categories?post=3266"},{"taxonomy":"post_tag","embeddable":true,"href":"https:\/\/lalupa24.com.ar\/index.php\/wp-json\/wp\/v2\/tags?post=3266"}],"curies":[{"name":"wp","href":"https:\/\/api.w.org\/{rel}","templated":true}]}}