{"id":3269,"date":"2025-01-17T09:40:47","date_gmt":"2025-01-17T12:40:47","guid":{"rendered":"https:\/\/lalupa24.com.ar\/?p=3269"},"modified":"2025-01-17T09:40:49","modified_gmt":"2025-01-17T12:40:49","slug":"javier-milei-viaja-a-la-asuncion-de-donald-trump-con-agenda-cargada-y-reconocimientos-internacionales","status":"publish","type":"post","link":"https:\/\/lalupa24.com.ar\/index.php\/2025\/01\/17\/javier-milei-viaja-a-la-asuncion-de-donald-trump-con-agenda-cargada-y-reconocimientos-internacionales\/","title":{"rendered":"Javier Milei viaja a la asunci\u00f3n de Donald Trump con agenda cargada y reconocimientos internacionales"},"content":{"rendered":"\n<p>El presidente argentino, Javier Milei, comenzar\u00e1 su primer viaje oficial al exterior este viernes, viajando en el renovado avi\u00f3n presidencial ARG 01. Su destino inicial ser\u00e1 Washington D.C., donde asistir\u00e1 a la asunci\u00f3n de Donald Trump, reelecto para un segundo mandato. Durante su estad\u00eda en la capital estadounidense, Milei tendr\u00e1 una agenda llena de reuniones, incluidas con la directora del FMI, Kristalina Georgieva, y participar\u00e1 en varias galas y premios, como el &#8220;LWS 2025 \u2013 Tit\u00e1n de la Reforma Econ\u00f3mica&#8221; y el &#8220;2025 Champion of Economic Freedom&#8221;.<\/p>\n\n\n\n<p>El lunes, Milei asistir\u00e1 a la ceremonia de juramentaci\u00f3n de Trump, junto con otros l\u00edderes internacionales. El martes, partir\u00e1 hacia Suiza para participar en el Foro Econ\u00f3mico Mundial en Davos, donde dar\u00e1 un discurso, se reunir\u00e1 con empresarios y pol\u00edticos clave, y recibir\u00e1 el &#8220;Premio R\u00f6pke&#8221; por su promoci\u00f3n del libre mercado.<\/p>\n\n\n\n<p>El viaje tiene como objetivo fortalecer las relaciones internacionales de Argentina y consolidar el posicionamiento de la administraci\u00f3n de Milei en el \u00e1mbito global. Tras el Foro, regresar\u00e1 a Buenos Aires, con una escala en Brasil.<\/p>\n","protected":false},"excerpt":{"rendered":"<p>El presidente argentino, Javier Milei, comenzar\u00e1 su primer viaje oficial al exterior este viernes, viajando en el renovado avi\u00f3n presidencial ARG 01. Su destino inicial ser\u00e1 Washington D.C., donde asistir\u00e1 a la asunci\u00f3n de Donald Trump, reelecto para un segundo mandato. Durante su estad\u00eda en la capital estadounidense, Milei tendr\u00e1 una agenda llena de reuniones, [&hellip;]<\/p>\n","protected":false},"author":2,"featured_media":3270,"comment_status":"open","ping_status":"open","sticky":false,"template":"","format":"standard","meta":{"footnotes":""},"categories":[25],"tags":[],"class_list":{"0":"post-3269","1":"post","2":"type-post","3":"status-publish","4":"format-standard","5":"has-post-thumbnail","7":"category-internacionales"},"aioseo_notices":[],"_links":{"self":[{"href":"https:\/\/lalupa24.com.ar\/index.php\/wp-json\/wp\/v2\/posts\/3269","targetHints":{"allow":["GET"]}}],"collection":[{"href":"https:\/\/lalupa24.com.ar\/index.php\/wp-json\/wp\/v2\/posts"}],"about":[{"href":"https:\/\/lalupa24.com.ar\/index.php\/wp-json\/wp\/v2\/types\/post"}],"author":[{"embeddable":true,"href":"https:\/\/lalupa24.com.ar\/index.php\/wp-json\/wp\/v2\/users\/2"}],"replies":[{"embeddable":true,"href":"https:\/\/lalupa24.com.ar\/index.php\/wp-json\/wp\/v2\/comments?post=3269"}],"version-history":[{"count":1,"href":"https:\/\/lalupa24.com.ar\/index.php\/wp-json\/wp\/v2\/posts\/3269\/revisions"}],"predecessor-version":[{"id":3271,"href":"https:\/\/lalupa24.com.ar\/index.php\/wp-json\/wp\/v2\/posts\/3269\/revisions\/3271"}],"wp:featuredmedia":[{"embeddable":true,"href":"https:\/\/lalupa24.com.ar\/index.php\/wp-json\/wp\/v2\/media\/3270"}],"wp:attachment":[{"href":"https:\/\/lalupa24.com.ar\/index.php\/wp-json\/wp\/v2\/media?parent=3269"}],"wp:term":[{"taxonomy":"category","embeddable":true,"href":"https:\/\/lalupa24.com.ar\/index.php\/wp-json\/wp\/v2\/categories?post=3269"},{"taxonomy":"post_tag","embeddable":true,"href":"https:\/\/lalupa24.com.ar\/index.php\/wp-json\/wp\/v2\/tags?post=3269"}],"curies":[{"name":"wp","href":"https:\/\/api.w.org\/{rel}","templated":true}]}}