{"id":3309,"date":"2025-01-18T14:42:01","date_gmt":"2025-01-18T17:42:01","guid":{"rendered":"https:\/\/lalupa24.com.ar\/?p=3309"},"modified":"2025-01-18T14:42:02","modified_gmt":"2025-01-18T17:42:02","slug":"se-cumplen-diez-anos-de-la-muerte-del-fiscal-nisman","status":"publish","type":"post","link":"https:\/\/lalupa24.com.ar\/index.php\/2025\/01\/18\/se-cumplen-diez-anos-de-la-muerte-del-fiscal-nisman\/","title":{"rendered":"Se cumplen diez a\u00f1os de la muerte del fiscal Nisman"},"content":{"rendered":"\n<p>El 18 de enero de 2015, horas antes de presentarse ante el Congreso para dar detalles sobre su denuncia por encubrimiento de Ir\u00e1n, el fiscal federal Alberto Nisman fue hallado muerto en su departamento de Puerto Madero.<\/p>\n\n\n\n<p>Desde ese momento, las dudas y el misterio recorrieron el caso, que pronto se relacion\u00f3 con agentes de inteligencia y las internas de la SIDE.<\/p>\n\n\n\n<p>A diez a\u00f1os de la muerte, la Justicia ratifica que se trat\u00f3 de un asesinato vinculado a su denuncia contra la ex presidenta Cristina Kirchner por la firma del Memor\u00e1ndum con Ir\u00e1n por el atentado a la AMIA, y avanza en el an\u00e1lisis del rol de servicios de inteligencia en los d\u00edas previos y posteriores a la noche del 18 de enero de 2015.<\/p>\n\n\n\n<p>Nisman fue encontrado en el ba\u00f1o de su casa con un balazo en la cabeza, proveniente de un arma que horas antes le hab\u00eda facilitado el \u00fanico procesado en 10 a\u00f1os de causa: el t\u00e9cnico inform\u00e1tico Diego Lagomarsino.<\/p>\n\n\n\n<p>En la investigaci\u00f3n a cargo del fiscal federal Eduardo Taiano, se concluye que Nisman fue v\u00edctima de un homicidio y su muerte &#8220;estuvo motivada en su labor en la UFI-AMIA y, concretamente, con su accionar vinculado al Memor\u00e1ndum de Entendimiento con la Rep\u00fablica de Ir\u00e1n&#8221; y se avanza en pruebas que buscan determinar &#8220;la identidad de aquellos que ejecutaron el hecho y de qui\u00e9nes lo ordenaron&#8221;, seg\u00fan un informe difundido ante el d\u00e9cimo aniversario del hecho.<\/p>\n\n\n\n<p>Ese 18 de enero, a las 22.32 y luego de que un cerrajero abriera una de las puertas del departamento de las torres Le Parc, Nisman fue encontrado muerto en el ba\u00f1o de su dormitorio, con un disparo en la cabeza y el arma usada en el lugar.<\/p>\n\n\n\n<p>Cuatro d\u00edas antes, el 14 de enero de 2015, hab\u00eda vuelto de un viaje especialmente para presentar en plena feria judicial una denuncia contra la entonces presidenta Cristina Fern\u00e1ndez de Kirchner, funcionarios de su gobierno y otros implicados por encubrimiento agravado del atentado a la AMIA a ra\u00edz de la firma del Memorandum con Ir\u00e1n en 2013, declarado luego inconstitucional por la Justicia.<\/p>\n\n\n\n<p>La investigaci\u00f3n de la muerte del fiscal Alberto Nisman<\/p>\n\n\n\n<p>La investigaci\u00f3n est\u00e1 orientada a esclarecer un homicidio, luego de descartarse la hip\u00f3tesis del suicidio cuando el caso estuvo bajo la jurisdicci\u00f3n del fuero criminal ordinario, hasta que la Corte Suprema ratific\u00f3 la competencia del fuero de excepci\u00f3n en septiembre de 2016, al remarcar la funci\u00f3n que cumpl\u00eda el fiscal y la posible vinculaci\u00f3n de esta con su muerte.<\/p>\n\n\n\n<p>Desde entonces se avanza en denunciar las irregularidades en la escena del hecho esa noche y la madrugada del lunes 19 de enero de 2015, la desidia de los cuatro custodios asignados a Nisman ese fin de semana y se investiga la actividad de inteligencia por parte de exagentes de la AFI y ahora, tambi\u00e9n, del Ej\u00e9rcito.<\/p>\n\n\n\n<p>De acuerdo al relato de Lagomarsino, Nisman le pidi\u00f3 el arma porque tem\u00eda por su seguridad. El t\u00e9cnico inform\u00e1tico, que trabajaba para el fiscal recomendado por alguien de inteligencia, refiri\u00f3 haber recibido un llamado de Nisman solicit\u00e1ndole que se dirigiera a su casa, momento en el cual, seg\u00fan relat\u00f3, le habr\u00eda pedido un arma.<\/p>\n\n\n\n<p>&#8220;Sin embargo, a ra\u00edz de medidas probatorias realizadas en el marco de la investigaci\u00f3n esa versi\u00f3n de los hechos fue desvirtuada, ya que las comunicaciones fueron iniciadas por el propio Lagomarsino, resultando este accionar parte del plan para la simulaci\u00f3n del suicidio&#8221;, advierte la fiscal\u00eda en un informe difundido el 8 de enero \u00faltimo.<\/p>\n\n\n\n<p>La investigaci\u00f3n avanza en desentra\u00f1ar el v\u00ednculo entre agentes &#8220;inorg\u00e1nicos&#8221; de inteligencia que vend\u00edan informaci\u00f3n y lo ocurrido, y para ello la fiscal\u00eda pidi\u00f3 y obtuvo esta semana una ampliaci\u00f3n de la desclasificaci\u00f3n de archivos y acceso a &#8220;toda la documentaci\u00f3n, archivos y\/o informaci\u00f3n que posea o registre cualquier dependencia que forme parte del Poder Ejecutivo Nacional respecto de Nisman y su labor como fiscal de la UFI-AMIA&#8221;.<\/p>\n\n\n\n<p>Desde que el caso pas\u00f3 a Comodoro Py se tomaron m\u00e1s de 900 declaraciones a testigos, se analizaron al menos 180 computadoras, se entrecruzaron 500 n\u00fameros telef\u00f3nicos y ahora est\u00e1n en marcha otra pericia de este tipo con un centenar de nuevos abonados, y se analizaron m\u00e1s de 200 mil comunicaciones.<\/p>\n\n\n\n<p>En cuanto a las irregularidades de la investigaci\u00f3n, durante 2024 se avanz\u00f3 en la imputaci\u00f3n a ex funcionarios, entre ellos Sergio Berni, por entonces secretario de Seguridad del kirchnerismo.<\/p>\n\n\n\n<p>Durante la primera hora y media desde que se encontr\u00f3 el cuerpo del fiscal, el departamento estuvo repleto de &#8220;entradas y salidas de distintos funcionarios de la Prefectura Naval Argentina y la Polic\u00eda Federal Argentina&#8221; y &#8220;hasta el momento no se ha brindado ning\u00fan tipo de justificaci\u00f3n o asignaci\u00f3n a tarea espec\u00edfica que sustente este accionar, que atent\u00f3 directamente contra la preservaci\u00f3n de la escena&#8221;, explicaron los investigadores.<\/p>\n\n\n\n<p>El juzgado de turno del fuero Criminal -llamado por las autoridades que no acudieron al fuero federal- intervino reci\u00e9n a las 23.55, una hora y media despu\u00e9s del hallazgo sin vida del fiscal, otra demora &#8220;que hasta el d\u00eda de hoy no tiene explicaci\u00f3n&#8221;.<\/p>\n\n\n\n<p>Esa madrugada, la escena del crimen se limit\u00f3 al ba\u00f1o donde se hall\u00f3 al fiscal y no se analizaron las \u00e1reas externas del departamento, los sectores comunes y el complejo en su conjunto.<\/p>\n\n\n\n<p>En efecto, reci\u00e9n horas despu\u00e9s se advirti\u00f3 que en la cocina hab\u00eda un tercer acceso, una puerta de metal que daba acceso a un espacio enrejado donde estaban los aires acondicionados y comunicaba con el departamento vecino.<\/p>\n\n\n\n<p>All\u00ed se encontr\u00f3 una huella que no logr\u00f3 identificarse, pero s\u00ed se determin\u00f3 que en ese departamento lindero resid\u00eda un extranjero que trabajaba para una empresa dedicada a servicios de control de acceso, y &#8220;con v\u00ednculos con el entonces secretario general de Presidencia, An\u00edbal Fern\u00e1ndez&#8221;, remarca el informe fiscal.<\/p>\n\n\n\n<p>Pero dentro del departamento que alquilaba el fiscal, una gran cantidad de personas circularon injustificadamente por el dormitorio, algunos incluso se sentaron en la cama y sin ning\u00fan tipo de protecci\u00f3n se llev\u00f3 adelante el reconocimiento de elementos probatorios, arriesgando as\u00ed la alteraci\u00f3n de las huellas all\u00ed obrantes. En el departamento de Nisman circularon esa noche m\u00e1s de 80 personas<\/p>\n\n\n\n<p>La denuncia del fiscal Nisman contra Cristina Kirchner en la causa AMIA<\/p>\n\n\n\n<p>El 14 de enero de 2015, Nisman formul\u00f3 una denuncia penal contra la entonces presidenta Cristina Kirchner, parte de su gabinete y figuras cercanas, por el presunto encubrimiento de los autores que perpetraron el ataque terrorista contra la sede de la AMIA.<\/p>\n\n\n\n<p>Denunci\u00f3 la existencia de un acuerdo llevado adelante,&#8221; a trav\u00e9s tanto de canales oficiales y paralelos, por las m\u00e1ximas autoridades de este pa\u00eds y el r\u00e9gimen iran\u00ed, con el objetivo de garantizar la impunidad de quienes eran -y contin\u00faan siendo- los acusados de haber cometido e ideado el m\u00e1ximo atentado terrorista ocurrido en nuestro territorio, logrando su desvinculaci\u00f3n del proceso llevado adelante como consecuencia de ello&#8221;.<\/p>\n\n\n\n<p>En este sentido, Nisman indic\u00f3 que, si bien la maniobra comenz\u00f3 su gestaci\u00f3n en el per\u00edodo comprendido entre los \u00faltimos meses del a\u00f1o 2010 y principios de 2011, se materializ\u00f3 el d\u00eda 27 de enero de 2013 con la celebraci\u00f3n del Memor\u00e1ndum.<\/p>\n\n\n\n<p>El fiscal denunci\u00f3 que el mecanismo escogido creaba una &#8220;Comisi\u00f3n de la Verdad&#8221; que permit\u00eda en \u00faltima instancia garantizar la impunidad de los acusados al deslegitimizar la investigaci\u00f3n sobre el atentado terrorista y las autoridades que intervinieron en ella, desvirtuando la prueba producida y habilitando la posibilidad de un redireccionamiento hacia nuevos culpables.<\/p>\n\n\n\n<p>La fiscal\u00eda sostiene que &#8220;al d\u00eda de hoy, resulta evidente el v\u00ednculo existente entre la labor llevada adelante por Nisman en la investigaci\u00f3n del atentado a la sede de la AMIA, plasmada en sus dict\u00e1menes, y su fallecimiento: una sentencia de muerte pesaba sobre su cabeza como consecuencia de la aceptaci\u00f3n por parte de Interpol del libramiento de las circulares rojas de los acusados iran\u00edes&#8221;.<\/p>\n\n\n\n<p>&#8220;En esta l\u00ednea, pocos d\u00edas m\u00e1s tarde de denunciar p\u00fablicamente un plan tendiente a evitar el cumplimiento de estas mismas circulares y lograr la impunidad de los acusados, fue asesinado en su domicilio&#8221;, concluyen los investigadores.<\/p>\n\n\n\n<p>La denuncia por la firma del Memorandum llegar\u00e1 finalmente a juicio oral luego de que en diciembre \u00faltimo la Corte Suprema de Justicia rechazara recursos de los acusados, entre ellos la expresidenta, y despej\u00f3 el camino para el avance hacia el debate que se preparar\u00e1 durante 2025 para luego fijar fecha de inicio.<\/p>\n","protected":false},"excerpt":{"rendered":"<p>El 18 de enero de 2015, horas antes de presentarse ante el Congreso para dar detalles sobre su denuncia por encubrimiento de Ir\u00e1n, el fiscal federal Alberto Nisman fue hallado muerto en su departamento de Puerto Madero. Desde ese momento, las dudas y el misterio recorrieron el caso, que pronto se relacion\u00f3 con agentes de [&hellip;]<\/p>\n","protected":false},"author":11,"featured_media":3310,"comment_status":"open","ping_status":"open","sticky":false,"template":"","format":"standard","meta":{"footnotes":""},"categories":[26],"tags":[],"class_list":{"0":"post-3309","1":"post","2":"type-post","3":"status-publish","4":"format-standard","5":"has-post-thumbnail","7":"category-nacionales"},"aioseo_notices":[],"_links":{"self":[{"href":"https:\/\/lalupa24.com.ar\/index.php\/wp-json\/wp\/v2\/posts\/3309","targetHints":{"allow":["GET"]}}],"collection":[{"href":"https:\/\/lalupa24.com.ar\/index.php\/wp-json\/wp\/v2\/posts"}],"about":[{"href":"https:\/\/lalupa24.com.ar\/index.php\/wp-json\/wp\/v2\/types\/post"}],"author":[{"embeddable":true,"href":"https:\/\/lalupa24.com.ar\/index.php\/wp-json\/wp\/v2\/users\/11"}],"replies":[{"embeddable":true,"href":"https:\/\/lalupa24.com.ar\/index.php\/wp-json\/wp\/v2\/comments?post=3309"}],"version-history":[{"count":1,"href":"https:\/\/lalupa24.com.ar\/index.php\/wp-json\/wp\/v2\/posts\/3309\/revisions"}],"predecessor-version":[{"id":3311,"href":"https:\/\/lalupa24.com.ar\/index.php\/wp-json\/wp\/v2\/posts\/3309\/revisions\/3311"}],"wp:featuredmedia":[{"embeddable":true,"href":"https:\/\/lalupa24.com.ar\/index.php\/wp-json\/wp\/v2\/media\/3310"}],"wp:attachment":[{"href":"https:\/\/lalupa24.com.ar\/index.php\/wp-json\/wp\/v2\/media?parent=3309"}],"wp:term":[{"taxonomy":"category","embeddable":true,"href":"https:\/\/lalupa24.com.ar\/index.php\/wp-json\/wp\/v2\/categories?post=3309"},{"taxonomy":"post_tag","embeddable":true,"href":"https:\/\/lalupa24.com.ar\/index.php\/wp-json\/wp\/v2\/tags?post=3309"}],"curies":[{"name":"wp","href":"https:\/\/api.w.org\/{rel}","templated":true}]}}