{"id":3337,"date":"2025-01-20T18:09:29","date_gmt":"2025-01-20T21:09:29","guid":{"rendered":"https:\/\/lalupa24.com.ar\/?p=3337"},"modified":"2025-01-20T18:09:30","modified_gmt":"2025-01-20T21:09:30","slug":"el-gobierno-provincial-habilito-el-puente-bergagno","status":"publish","type":"post","link":"https:\/\/lalupa24.com.ar\/index.php\/2025\/01\/20\/el-gobierno-provincial-habilito-el-puente-bergagno\/","title":{"rendered":"El gobierno provincial habilit\u00f3 el puente Bergagno"},"content":{"rendered":"\n<p><\/p>\n\n\n\n<p><em>Luego de una serie de trabajos, el Gobierno provincial, a trav\u00e9s de la Direcci\u00f3n de Vialidad Provincial (DVP) finaliz\u00f3 la reparaci\u00f3n y habilit\u00f3 el Puente Bergagno, sobre el R\u00edo Negro, ubicado en prolongaci\u00f3n de la Avenida 25 de Mayo, con salida hacia la Ruta Nacional N\u00b0 16, que une la ciudad de Puerto Tirol con Fontana. Ya se puede transitar sin inconvenientes por la zona.<\/em><\/p>\n\n\n\n<p>La obra consisti\u00f3 en la reparaci\u00f3n del estribo oeste del puente Bergagno, que en mayo del a\u00f1o pasado se produjo una socavaci\u00f3n en ese estribo, a causa del desv\u00edo del cauce del r\u00edo por acumulaci\u00f3n de embalse, por lo que se realiz\u00f3 la limpieza y se habilit\u00f3 la circulaci\u00f3n sobre el puente. A su vez, lo intervinieron para mejorar la transitabilidad y seguridad de quienes lo utilizan.<br>Desde la Direcci\u00f3n de Conservaci\u00f3n de la DVP explicaron que se trabaj\u00f3 en el desarme de un tramo del puente, en la margen oeste del puente. <em>Actualmente, ya est\u00e1 totalmente habilitado y se puede transitar sin inconvenientes.<\/em><\/p>\n","protected":false},"excerpt":{"rendered":"<p>Luego de una serie de trabajos, el Gobierno provincial, a trav\u00e9s de la Direcci\u00f3n de Vialidad Provincial (DVP) finaliz\u00f3 la reparaci\u00f3n y habilit\u00f3 el Puente Bergagno, sobre el R\u00edo Negro, ubicado en prolongaci\u00f3n de la Avenida 25 de Mayo, con salida hacia la Ruta Nacional N\u00b0 16, que une la ciudad de Puerto Tirol con [&hellip;]<\/p>\n","protected":false},"author":2,"featured_media":3338,"comment_status":"open","ping_status":"open","sticky":false,"template":"","format":"standard","meta":{"footnotes":""},"categories":[27,28],"tags":[],"class_list":{"0":"post-3337","1":"post","2":"type-post","3":"status-publish","4":"format-standard","5":"has-post-thumbnail","7":"category-interior","8":"category-locales"},"aioseo_notices":[],"_links":{"self":[{"href":"https:\/\/lalupa24.com.ar\/index.php\/wp-json\/wp\/v2\/posts\/3337","targetHints":{"allow":["GET"]}}],"collection":[{"href":"https:\/\/lalupa24.com.ar\/index.php\/wp-json\/wp\/v2\/posts"}],"about":[{"href":"https:\/\/lalupa24.com.ar\/index.php\/wp-json\/wp\/v2\/types\/post"}],"author":[{"embeddable":true,"href":"https:\/\/lalupa24.com.ar\/index.php\/wp-json\/wp\/v2\/users\/2"}],"replies":[{"embeddable":true,"href":"https:\/\/lalupa24.com.ar\/index.php\/wp-json\/wp\/v2\/comments?post=3337"}],"version-history":[{"count":1,"href":"https:\/\/lalupa24.com.ar\/index.php\/wp-json\/wp\/v2\/posts\/3337\/revisions"}],"predecessor-version":[{"id":3339,"href":"https:\/\/lalupa24.com.ar\/index.php\/wp-json\/wp\/v2\/posts\/3337\/revisions\/3339"}],"wp:featuredmedia":[{"embeddable":true,"href":"https:\/\/lalupa24.com.ar\/index.php\/wp-json\/wp\/v2\/media\/3338"}],"wp:attachment":[{"href":"https:\/\/lalupa24.com.ar\/index.php\/wp-json\/wp\/v2\/media?parent=3337"}],"wp:term":[{"taxonomy":"category","embeddable":true,"href":"https:\/\/lalupa24.com.ar\/index.php\/wp-json\/wp\/v2\/categories?post=3337"},{"taxonomy":"post_tag","embeddable":true,"href":"https:\/\/lalupa24.com.ar\/index.php\/wp-json\/wp\/v2\/tags?post=3337"}],"curies":[{"name":"wp","href":"https:\/\/api.w.org\/{rel}","templated":true}]}}