{"id":3349,"date":"2025-01-20T22:14:50","date_gmt":"2025-01-21T01:14:50","guid":{"rendered":"https:\/\/lalupa24.com.ar\/?p=3349"},"modified":"2025-01-20T22:14:52","modified_gmt":"2025-01-21T01:14:52","slug":"trump-firma-sus-primeras-ordenes-ejecutivas-y-revoca-casi-80-politicas-del-anterior-gobierno","status":"publish","type":"post","link":"https:\/\/lalupa24.com.ar\/index.php\/2025\/01\/20\/trump-firma-sus-primeras-ordenes-ejecutivas-y-revoca-casi-80-politicas-del-anterior-gobierno\/","title":{"rendered":"Trump firma sus primeras \u00f3rdenes ejecutivas y revoca casi 80 pol\u00edticas del anterior gobierno"},"content":{"rendered":"\n<p>Donald Trump firm\u00f3 este lunes sus primeras \u00f3rdenes ejecutivas tras tomar posesi\u00f3n como 47\u00ba presidente de Estados Unidos.<\/p>\n\n\n\n<p>La toma de posesi\u00f3n marc\u00f3 el regreso a la Casa Blanca del l\u00edder republicano que ya gobern\u00f3 EE.UU. entre 2017 y 2021.<\/p>\n\n\n\n<p>Tras jurar el cargo en la primera ceremonia oficial en el Capitolio, el mandatario de 78 a\u00f1os se dirigi\u00f3 al pabell\u00f3n deportivo Capital One Arena de Washington DC para liderar la fiesta de investidura, a la que asistieron miles de seguidores e invitados.<\/p>\n\n\n\n<p>All\u00ed firm\u00f3 sus primeras 9 \u00f3rdenes ejecutivas, algo que se considera inusual pero que Trump ya hab\u00eda adelantado bajo la promesa de dar un giro total a la pol\u00edtica estadounidense desde el primer d\u00eda en aspectos como migraci\u00f3n, econom\u00eda o justicia.<\/p>\n\n\n\n<p>Una de las \u00f3rdenes ejecutivas fue la retirada de Estados Unidos del Acuerdo de Par\u00eds sobre cambio clim\u00e1tico, algo que ya hizo en su primer mandato y que la administraci\u00f3n de Joe Biden hab\u00eda revertido al integrar de nuevo al pa\u00eds.<\/p>\n\n\n\n<p>Trump asegur\u00f3 que con la retirada del tratado -al que se adhieren todos los pa\u00edses de la ONU excepto Ir\u00e1n, Libia y Yemen- el pa\u00eds ahorrar\u00e1 un bill\u00f3n de d\u00f3lares.<\/p>\n\n\n\n<p>El resto de \u00f3rdenes ejecutivas abordaron diversos temas, desde requerir a las agencias y departamentos federales que aborden la crisis inflacionista hasta prevenir nuevas regulaciones, &#8220;restaurar la libertad de expresi\u00f3n&#8221; o &#8220;acabar con el uso del gobierno como arma&#8221; contra anteriores administraciones.<\/p>\n\n\n\n<p>Otra de ellas revoca 78 acciones ejecutivas del anterior gobierno de Biden.<\/p>\n\n\n\n<p>Tambi\u00e9n anunci\u00f3 que indultar\u00e1 a los &#8220;rehenes del 6 de enero&#8221;, en referencia a las personas condenadas por los disturbios protagonizados por sus seguidores m\u00e1s radicales que asaltaron el Capitolio durante la certificaci\u00f3n del triunfo electoral de Biden en 2021.<\/p>\n\n\n\n<p>El presidente avanz\u00f3 que firmar\u00e1 m\u00e1s \u00f3rdenes ejecutivas en las pr\u00f3ximas horas en el Despacho Oval de la Casa Blanca, entre las que previsiblemente estar\u00e1n las relacionadas con migraci\u00f3n, como el cierre y militarizaci\u00f3n de la frontera con M\u00e9xico.<\/p>\n\n\n\n<p>En su segundo discurso estuvo arropado por su familia y la familia del vicepresidente JD Vance, que ocuparon un lugar destacado en el escenario, as\u00ed como familiares de rehenes capturados por grupos islamistas, entre ellos israel\u00edes cuyos parientes est\u00e1n en manos de Ham\u00e1s desde el 7 de octubre de 2023.<\/p>\n\n\n\n<p>La fiesta de inauguraci\u00f3n sucedi\u00f3 a la jura oficial del cargo de Trump, que tuvo lugar a mediod\u00eda en el interior del Capitolio -en lugar de al aire libre, en la escalinata, como suele ser habitual- debido a las temperaturas bajo cero en Washington DC.<\/p>\n\n\n\n<p>&#8220;El 20 de enero de 2025 es el d\u00eda de la liberaci\u00f3n&#8221;, proclam\u00f3 en su primer discurso como presidente, y adelant\u00f3 que firmar\u00eda las \u00f3rdenes ejecutivas para comenzar lo que llam\u00f3 &#8220;la era dorada de Estados Unidos&#8221;.<\/p>\n\n\n\n<p>Anunci\u00f3 que declarar\u00e1 la emergencia nacional en la frontera con M\u00e9xico, que cambiar\u00e1 el nombre del Golfo de M\u00e9xico por el &#8220;Golfo de Am\u00e9rica&#8221; y &#8220;recuperar&#8221; el Canal de Panam\u00e1, algo que ya hab\u00eda dicho en las semanas previas.<\/p>\n\n\n\n<p>A la ceremonia acudieron l\u00edderes mundiales, entre ellos el presidente argentino Javier Milei, as\u00ed como magnates de multinacionales tecnol\u00f3gicas estadounidenses como Elon Musk, Jeff Bezos y Mark Zuckerberg.<\/p>\n\n\n\n<p>.<\/p>\n\n\n\n<p>En el \u00e1mbito econ\u00f3mico, el presidente asegur\u00f3 que acabar\u00e1 con lo que consider\u00f3 como &#8220;inflaci\u00f3n r\u00e9cord&#8221; y el aumento de los precios, problemas que atribuy\u00f3 al &#8220;exceso de gasto&#8221; y a pol\u00edticas energ\u00e9ticas err\u00f3neas.<\/p>\n\n\n\n<p>Indic\u00f3 que declarar\u00e1 una emergencia energ\u00e9tica nacional y reiter\u00f3 su promesa de impulsar la perforaci\u00f3n de petr\u00f3leo y gas en suelo estadounidense.<\/p>\n\n\n\n<p>Estados Unidos tiene &#8220;la mayor cantidad de petr\u00f3leo y gas natural que cualquier otra naci\u00f3n en la Tierra, y lo vamos a utilizar&#8221;, proclam\u00f3, tras pronunciar su conocido lema &#8220;drill, baby, drill&#8221; (&#8220;perfora, beb\u00e9, perfora&#8221;).<\/p>\n\n\n\n<p>&#8220;Seremos de nuevo una naci\u00f3n manufacturera&#8221; y un &#8220;productor de petr\u00f3leo y gas&#8221; que exportar\u00e1 energ\u00eda a todo el mundo, asever\u00f3.<\/p>\n\n\n\n<p>Trump prometi\u00f3 reimpulsar la industria automotriz al revocar las medidas de promoci\u00f3n de veh\u00edculos el\u00e9ctricos de la administraci\u00f3n Biden para fabricar de nuevo autom\u00f3viles &#8220;a un ritmo que nadie podr\u00eda haber so\u00f1ado hace apenas unos a\u00f1os&#8221;.<\/p>\n\n\n\n<p>En cuanto al comercio exterior, dijo que trabaja en la creaci\u00f3n del &#8220;Servicio de Impuestos Externos&#8221; para recaudar aranceles y otros grav\u00e1menes.<\/p>\n\n\n\n<p>&#8220;En lugar de gravar a nuestros ciudadanos para enriquecer a pa\u00edses extranjeros, impondremos aranceles e impuestos a pa\u00edses extranjeros para enriquecer a nuestros ciudadanos&#8221;, proclam\u00f3.<\/p>\n\n\n\n<p>Tambi\u00e9n anunci\u00f3 el establecimiento del DOGE, el nuevo departamento de eficiencia gubernamental a cargo de los empresarios Elon Musk y Vivek Ramaswamy.<\/p>\n\n\n\n<p>Otra orden ejecutiva, afirm\u00f3, servir\u00e1 para &#8220;acabar con todo tipo de censura y devolver la libertad de expresi\u00f3n a Estados Unidos&#8221;, sin ofrecer m\u00e1s detalles.<\/p>\n","protected":false},"excerpt":{"rendered":"<p>Donald Trump firm\u00f3 este lunes sus primeras \u00f3rdenes ejecutivas tras tomar posesi\u00f3n como 47\u00ba presidente de Estados Unidos. La toma de posesi\u00f3n marc\u00f3 el regreso a la Casa Blanca del l\u00edder republicano que ya gobern\u00f3 EE.UU. entre 2017 y 2021. Tras jurar el cargo en la primera ceremonia oficial en el Capitolio, el mandatario de [&hellip;]<\/p>\n","protected":false},"author":11,"featured_media":3350,"comment_status":"open","ping_status":"open","sticky":false,"template":"","format":"standard","meta":{"footnotes":""},"categories":[25],"tags":[],"class_list":{"0":"post-3349","1":"post","2":"type-post","3":"status-publish","4":"format-standard","5":"has-post-thumbnail","7":"category-internacionales"},"aioseo_notices":[],"_links":{"self":[{"href":"https:\/\/lalupa24.com.ar\/index.php\/wp-json\/wp\/v2\/posts\/3349","targetHints":{"allow":["GET"]}}],"collection":[{"href":"https:\/\/lalupa24.com.ar\/index.php\/wp-json\/wp\/v2\/posts"}],"about":[{"href":"https:\/\/lalupa24.com.ar\/index.php\/wp-json\/wp\/v2\/types\/post"}],"author":[{"embeddable":true,"href":"https:\/\/lalupa24.com.ar\/index.php\/wp-json\/wp\/v2\/users\/11"}],"replies":[{"embeddable":true,"href":"https:\/\/lalupa24.com.ar\/index.php\/wp-json\/wp\/v2\/comments?post=3349"}],"version-history":[{"count":1,"href":"https:\/\/lalupa24.com.ar\/index.php\/wp-json\/wp\/v2\/posts\/3349\/revisions"}],"predecessor-version":[{"id":3351,"href":"https:\/\/lalupa24.com.ar\/index.php\/wp-json\/wp\/v2\/posts\/3349\/revisions\/3351"}],"wp:featuredmedia":[{"embeddable":true,"href":"https:\/\/lalupa24.com.ar\/index.php\/wp-json\/wp\/v2\/media\/3350"}],"wp:attachment":[{"href":"https:\/\/lalupa24.com.ar\/index.php\/wp-json\/wp\/v2\/media?parent=3349"}],"wp:term":[{"taxonomy":"category","embeddable":true,"href":"https:\/\/lalupa24.com.ar\/index.php\/wp-json\/wp\/v2\/categories?post=3349"},{"taxonomy":"post_tag","embeddable":true,"href":"https:\/\/lalupa24.com.ar\/index.php\/wp-json\/wp\/v2\/tags?post=3349"}],"curies":[{"name":"wp","href":"https:\/\/api.w.org\/{rel}","templated":true}]}}