{"id":3421,"date":"2025-01-22T09:55:19","date_gmt":"2025-01-22T12:55:19","guid":{"rendered":"https:\/\/lalupa24.com.ar\/?p=3421"},"modified":"2025-01-22T09:55:20","modified_gmt":"2025-01-22T12:55:20","slug":"con-villarruel-al-frente-del-ejecutivo-el-gobierno-busca-apoyos-en-el-senado-en-sesiones-extraordinarias","status":"publish","type":"post","link":"https:\/\/lalupa24.com.ar\/index.php\/2025\/01\/22\/con-villarruel-al-frente-del-ejecutivo-el-gobierno-busca-apoyos-en-el-senado-en-sesiones-extraordinarias\/","title":{"rendered":"Con Villarruel al frente del Ejecutivo, el Gobierno busca apoyos en el Senado en sesiones extraordinarias"},"content":{"rendered":"\n<p>Victoria Villarruel, vicepresidenta y encargada del Ejecutivo por el viaje de Javier Milei, recibir\u00e1 hoy a funcionarios de la Casa Rosada y delegados de bloques dialoguistas para evaluar la agenda de las sesiones extraordinarias del Congreso, que contin\u00faan hasta el 21 de febrero. La situaci\u00f3n pol\u00edtica es compleja, con un oficialismo en desventaja num\u00e9rica y una oposici\u00f3n dividida. Se espera que, en el encuentro, se discutan temas como la posible suspensi\u00f3n de las PASO, un gesto que podr\u00eda aliviar tensiones internas.<\/p>\n\n\n\n<p>El Ejecutivo tambi\u00e9n busca avanzar con iniciativas como la ley anti mafias, aunque la mayor\u00eda de las propuestas enfrentar\u00e1n obst\u00e1culos en el Senado, especialmente con algunos legisladores misioneros. Si se concreta la suspensi\u00f3n de las PASO, podr\u00eda beneficiar a La Libertad Avanza, aline\u00e1ndose con su mensaje de austeridad, y dar tiempo al oficialismo para preparar cambios electorales de cara a las elecciones de octubre.<\/p>\n","protected":false},"excerpt":{"rendered":"<p>Victoria Villarruel, vicepresidenta y encargada del Ejecutivo por el viaje de Javier Milei, recibir\u00e1 hoy a funcionarios de la Casa Rosada y delegados de bloques dialoguistas para evaluar la agenda de las sesiones extraordinarias del Congreso, que contin\u00faan hasta el 21 de febrero. La situaci\u00f3n pol\u00edtica es compleja, con un oficialismo en desventaja num\u00e9rica y [&hellip;]<\/p>\n","protected":false},"author":2,"featured_media":3412,"comment_status":"open","ping_status":"open","sticky":false,"template":"","format":"standard","meta":{"footnotes":""},"categories":[26],"tags":[],"class_list":{"0":"post-3421","1":"post","2":"type-post","3":"status-publish","4":"format-standard","5":"has-post-thumbnail","7":"category-nacionales"},"aioseo_notices":[],"_links":{"self":[{"href":"https:\/\/lalupa24.com.ar\/index.php\/wp-json\/wp\/v2\/posts\/3421","targetHints":{"allow":["GET"]}}],"collection":[{"href":"https:\/\/lalupa24.com.ar\/index.php\/wp-json\/wp\/v2\/posts"}],"about":[{"href":"https:\/\/lalupa24.com.ar\/index.php\/wp-json\/wp\/v2\/types\/post"}],"author":[{"embeddable":true,"href":"https:\/\/lalupa24.com.ar\/index.php\/wp-json\/wp\/v2\/users\/2"}],"replies":[{"embeddable":true,"href":"https:\/\/lalupa24.com.ar\/index.php\/wp-json\/wp\/v2\/comments?post=3421"}],"version-history":[{"count":1,"href":"https:\/\/lalupa24.com.ar\/index.php\/wp-json\/wp\/v2\/posts\/3421\/revisions"}],"predecessor-version":[{"id":3422,"href":"https:\/\/lalupa24.com.ar\/index.php\/wp-json\/wp\/v2\/posts\/3421\/revisions\/3422"}],"wp:featuredmedia":[{"embeddable":true,"href":"https:\/\/lalupa24.com.ar\/index.php\/wp-json\/wp\/v2\/media\/3412"}],"wp:attachment":[{"href":"https:\/\/lalupa24.com.ar\/index.php\/wp-json\/wp\/v2\/media?parent=3421"}],"wp:term":[{"taxonomy":"category","embeddable":true,"href":"https:\/\/lalupa24.com.ar\/index.php\/wp-json\/wp\/v2\/categories?post=3421"},{"taxonomy":"post_tag","embeddable":true,"href":"https:\/\/lalupa24.com.ar\/index.php\/wp-json\/wp\/v2\/tags?post=3421"}],"curies":[{"name":"wp","href":"https:\/\/api.w.org\/{rel}","templated":true}]}}