{"id":3430,"date":"2025-01-23T08:19:38","date_gmt":"2025-01-23T11:19:38","guid":{"rendered":"https:\/\/lalupa24.com.ar\/?p=3430"},"modified":"2025-01-23T08:21:24","modified_gmt":"2025-01-23T11:21:24","slug":"fiesta-provincial-del-teatro","status":"publish","type":"post","link":"https:\/\/lalupa24.com.ar\/index.php\/2025\/01\/23\/fiesta-provincial-del-teatro\/","title":{"rendered":"Fiesta provincial del teatro"},"content":{"rendered":"\n<p><\/p>\n\n\n\n<p><\/p>\n\n\n\n<p>El presidente del Instituto de Cultura Mario Zorrilla anunci\u00f3, junto a la vicepresidente Daniela Valdez y al representante del Instituto Nacional de Teatro en Chaco Marcelo Padel\u00edn, la Fiesta Provincial del Teatro, que se realizar\u00e1 del 2 al 6 de abril en Resistencia. En la oportunidad invitaron a los elencos teatrales a participar del evento del que surgir\u00e1 el representante chaque\u00f1o en la Fiesta Nacional del Teatro.<br>La inscripci\u00f3n estar\u00e1 abierta desde hoy 22 al 31 de enero inclusive, a trav\u00e9s de la p\u00e1gina web del Instituto Nacional de Teatro (https:\/\/inteatro.ar\/) donde podr\u00e1n encontrar las bases y condiciones para participar. Contar\u00e1 con 15 obras preseleccionadas por un jurado. Es requisito presentar un video de la obra, previamente estrenada con cuatro funciones como m\u00ednimo.<br>\u201cVenimos trabajando con el Instituto Nacional del Teatro en distintas acciones, la semana pasada llevamos a cabo la firma de un convenio que manifiesta la intenci\u00f3n de realizar distintas actividades durante los pr\u00f3ximos a\u00f1os\u201d, remarc\u00f3 Zorrilla.<br>Por su parte, Padel\u00edn destac\u00f3 las expectativas en esta nueva edici\u00f3n del Encuentro Provincial, evento que demuestra la calidad teatral chaque\u00f1a. \u201cQueremos que sea una fiesta que cada vez llegue a m\u00e1s p\u00fablico, Chaco es una de las provincias de la regi\u00f3n con mayor desarrollo cultural\u201d, concluy\u00f3.<\/p>\n\n\n\n<p><em>El evento se realizar\u00e1 del 2 al 6 de abril en Resistencia. La inscripci\u00f3n estar\u00e1 abierta desde hoy 22 al 31 de enero inclusive, a trav\u00e9s de la p\u00e1gina web del Instituto Nacional de Teatro (https:\/\/inteatro.ar\/). El elenco ganador representar\u00e1 a la provincia en la Fiesta Nacional del Teatro.<\/em><\/p>\n","protected":false},"excerpt":{"rendered":"<p>El presidente del Instituto de Cultura Mario Zorrilla anunci\u00f3, junto a la vicepresidente Daniela Valdez y al representante del Instituto Nacional de Teatro en Chaco Marcelo Padel\u00edn, la Fiesta Provincial del Teatro, que se realizar\u00e1 del 2 al 6 de abril en Resistencia. En la oportunidad invitaron a los elencos teatrales a participar del evento [&hellip;]<\/p>\n","protected":false},"author":2,"featured_media":3431,"comment_status":"open","ping_status":"open","sticky":false,"template":"","format":"standard","meta":{"footnotes":""},"categories":[28],"tags":[],"class_list":{"0":"post-3430","1":"post","2":"type-post","3":"status-publish","4":"format-standard","5":"has-post-thumbnail","7":"category-locales"},"aioseo_notices":[],"_links":{"self":[{"href":"https:\/\/lalupa24.com.ar\/index.php\/wp-json\/wp\/v2\/posts\/3430","targetHints":{"allow":["GET"]}}],"collection":[{"href":"https:\/\/lalupa24.com.ar\/index.php\/wp-json\/wp\/v2\/posts"}],"about":[{"href":"https:\/\/lalupa24.com.ar\/index.php\/wp-json\/wp\/v2\/types\/post"}],"author":[{"embeddable":true,"href":"https:\/\/lalupa24.com.ar\/index.php\/wp-json\/wp\/v2\/users\/2"}],"replies":[{"embeddable":true,"href":"https:\/\/lalupa24.com.ar\/index.php\/wp-json\/wp\/v2\/comments?post=3430"}],"version-history":[{"count":2,"href":"https:\/\/lalupa24.com.ar\/index.php\/wp-json\/wp\/v2\/posts\/3430\/revisions"}],"predecessor-version":[{"id":3433,"href":"https:\/\/lalupa24.com.ar\/index.php\/wp-json\/wp\/v2\/posts\/3430\/revisions\/3433"}],"wp:featuredmedia":[{"embeddable":true,"href":"https:\/\/lalupa24.com.ar\/index.php\/wp-json\/wp\/v2\/media\/3431"}],"wp:attachment":[{"href":"https:\/\/lalupa24.com.ar\/index.php\/wp-json\/wp\/v2\/media?parent=3430"}],"wp:term":[{"taxonomy":"category","embeddable":true,"href":"https:\/\/lalupa24.com.ar\/index.php\/wp-json\/wp\/v2\/categories?post=3430"},{"taxonomy":"post_tag","embeddable":true,"href":"https:\/\/lalupa24.com.ar\/index.php\/wp-json\/wp\/v2\/tags?post=3430"}],"curies":[{"name":"wp","href":"https:\/\/api.w.org\/{rel}","templated":true}]}}