{"id":3437,"date":"2025-01-22T15:23:00","date_gmt":"2025-01-22T18:23:00","guid":{"rendered":"https:\/\/lalupa24.com.ar\/?p=3437"},"modified":"2025-01-23T08:26:31","modified_gmt":"2025-01-23T11:26:31","slug":"zdero-constato-los-avances-en-la-avenida-falcon","status":"publish","type":"post","link":"https:\/\/lalupa24.com.ar\/index.php\/2025\/01\/22\/zdero-constato-los-avances-en-la-avenida-falcon\/","title":{"rendered":"Zdero constat\u00f3 los avances en la avenida Falc\u00f3n"},"content":{"rendered":"\n<p><\/p>\n\n\n\n<p><em>El gobernador Leandro Zdero, junto al ministro de Infraestructura, Hugo Dom\u00ednguez, al coordinador de Gabinete,  Livio Guti\u00e9rrez y al subsecretario de Obras P\u00fablicas de la Municipalidad de Resistencia, Javier Mattina, supervisaron este mi\u00e9rcoles el avance de la obra de pavimentaci\u00f3n de la avenida Coronel Falc\u00f3n, considerada fundamental para la zona norte de Resistencia, representando una respuesta a las necesidades de los vecinos.<\/em><\/p>\n\n\n\n<p>El primer mandatario provincial, destac\u00f3 la relevancia de este proyecto: \u201cUna obra importante para toda la zona norte de la ciudad de Resistencia, la estamos encarando con recursos propios, es una obra que la reiniciamos y la terminaremos en un plazo de 2 meses aproximadamente. Estamos articulando el trabajo con Infraestructura y el municipio capitalino a trav\u00e9s de acciones que se vinculen con la planificaci\u00f3n de la ciudad. Estamos terminando obras, llegando a cada rinc\u00f3n de la provincia, y en esta oportunidad, para el desarrollo de la zona norte de la capital chaque\u00f1a\u201d.<br>El gobierno provincial impuls\u00f3 la reactivaci\u00f3n del proyecto el 2 de enero de 2024, marcando un compromiso con el desarrollo de la infraestructura vial y avanzando hacia una soluci\u00f3n integral para las necesidades de conectividad en la regi\u00f3n. Actualmente se encuentra terminado el conducto de desag\u00fces pluviales hasta la colectora de Ruta Provincial N\u00b0 16 contemplando tambi\u00e9n el cruce, la repavimentaci\u00f3n y la habilitaci\u00f3n de ese tramo. Durante la realizaci\u00f3n de dichos trabajos se interrumpi\u00f3 la circulaci\u00f3n vehicular, para lo cual se implementaron desv\u00edos con sus correspondientes se\u00f1al\u00e9ticas. Adem\u00e1s, se paviment\u00f3 el lado izquierdo en sentido ascendente a la numeraci\u00f3n de la avenida.<br>En el desag\u00fce provisorio que se hab\u00eda utilizado para desviar el caudal de aguas de lluvia durante la ejecuci\u00f3n de la obra se encuentran realizando las correspondientes tareas de saneamiento, relleno y compactaci\u00f3n para habilitar el conducto definitivo de hormig\u00f3n, finalizada esta maniobra se dar\u00e1 inicio la ejecuci\u00f3n de la otra mano de la avenida incluyendo la calzada, el hormig\u00f3n y el cantero central que contar\u00e1 con iluminaci\u00f3n.<\/p>\n\n\n\n<p>Por su parte, el ministro de Infraestructura, Hugo Dom\u00ednguez, expres\u00f3: \u201cSabemos lo importante que es esta avenida para los vecinos. Estamos trabajando con responsabilidad para que cada etapa se complete de la mejor manera posible. Se prev\u00e9 la culminaci\u00f3n cerca del mes de abril, momento en el cual se llevar\u00e1 a cabo su inauguraci\u00f3n oficial\u201d.<\/p>\n","protected":false},"excerpt":{"rendered":"<p>El gobernador Leandro Zdero, junto al ministro de Infraestructura, Hugo Dom\u00ednguez, al coordinador de Gabinete, Livio Guti\u00e9rrez y al subsecretario de Obras P\u00fablicas de la Municipalidad de Resistencia, Javier Mattina, supervisaron este mi\u00e9rcoles el avance de la obra de pavimentaci\u00f3n de la avenida Coronel Falc\u00f3n, considerada fundamental para la zona norte de Resistencia, representando una [&hellip;]<\/p>\n","protected":false},"author":2,"featured_media":3438,"comment_status":"open","ping_status":"open","sticky":false,"template":"","format":"standard","meta":{"footnotes":""},"categories":[28],"tags":[],"class_list":{"0":"post-3437","1":"post","2":"type-post","3":"status-publish","4":"format-standard","5":"has-post-thumbnail","7":"category-locales"},"aioseo_notices":[],"_links":{"self":[{"href":"https:\/\/lalupa24.com.ar\/index.php\/wp-json\/wp\/v2\/posts\/3437","targetHints":{"allow":["GET"]}}],"collection":[{"href":"https:\/\/lalupa24.com.ar\/index.php\/wp-json\/wp\/v2\/posts"}],"about":[{"href":"https:\/\/lalupa24.com.ar\/index.php\/wp-json\/wp\/v2\/types\/post"}],"author":[{"embeddable":true,"href":"https:\/\/lalupa24.com.ar\/index.php\/wp-json\/wp\/v2\/users\/2"}],"replies":[{"embeddable":true,"href":"https:\/\/lalupa24.com.ar\/index.php\/wp-json\/wp\/v2\/comments?post=3437"}],"version-history":[{"count":1,"href":"https:\/\/lalupa24.com.ar\/index.php\/wp-json\/wp\/v2\/posts\/3437\/revisions"}],"predecessor-version":[{"id":3439,"href":"https:\/\/lalupa24.com.ar\/index.php\/wp-json\/wp\/v2\/posts\/3437\/revisions\/3439"}],"wp:featuredmedia":[{"embeddable":true,"href":"https:\/\/lalupa24.com.ar\/index.php\/wp-json\/wp\/v2\/media\/3438"}],"wp:attachment":[{"href":"https:\/\/lalupa24.com.ar\/index.php\/wp-json\/wp\/v2\/media?parent=3437"}],"wp:term":[{"taxonomy":"category","embeddable":true,"href":"https:\/\/lalupa24.com.ar\/index.php\/wp-json\/wp\/v2\/categories?post=3437"},{"taxonomy":"post_tag","embeddable":true,"href":"https:\/\/lalupa24.com.ar\/index.php\/wp-json\/wp\/v2\/tags?post=3437"}],"curies":[{"name":"wp","href":"https:\/\/api.w.org\/{rel}","templated":true}]}}