{"id":3444,"date":"2025-01-22T11:33:00","date_gmt":"2025-01-22T14:33:00","guid":{"rendered":"https:\/\/lalupa24.com.ar\/?p=3444"},"modified":"2025-01-23T08:35:03","modified_gmt":"2025-01-23T11:35:03","slug":"nuevas-motocicletas-para-la-municipalidad-de-resistencia","status":"publish","type":"post","link":"https:\/\/lalupa24.com.ar\/index.php\/2025\/01\/22\/nuevas-motocicletas-para-la-municipalidad-de-resistencia\/","title":{"rendered":"Nuevas motocicletas para la municipalidad de resistencia"},"content":{"rendered":"\n<p><\/p>\n\n\n\n<p>La Municipalidad de Resistencia present\u00f3 32 motocicletas 0 kil\u00f3metro que se sumar\u00e1n al parque automotor de las \u00e1reas de Tr\u00e1nsito, Guardia Comunitaria y Limpieza, Se trata de veh\u00edculos de 200, 125 y 110 cent\u00edmetros c\u00fabicos de cilindrada que ya est\u00e1n en funciones.<\/p>\n\n\n\n<p>Al respecto habl\u00f3 Dar\u00edo Sardi, subsecretario de Tr\u00e1nsito y Transporte: \u201cSon importantes herramientas que se sumar\u00e1n a las que cont\u00e1bamos, adem\u00e1s de las que ser\u00e1n incorporadas a otras \u00e1reas\u201d.<\/p>\n\n\n\n<p>\u201cNos devolvieron la pierna, permite que ampliemos nuestro radio de trabajo, llegar a m\u00e1s sectores de la sociedad\u201d, subray\u00f3.<\/p>\n\n\n\n<p>Mientras que N\u00e9stor Dellamea, secretario de Servicios P\u00fablicos comunal, dijo que \u201cesto forma parte del esquema de trabajo dise\u00f1ado desde el primer d\u00eda por el intendente Nikisch, que es revalorizar los equipos y lugares de trabajo del personal\u201d.<\/p>\n\n\n\n<p>\u201cCon esta entrega se mejorar\u00e1n las condiciones y les brindar\u00e1n m\u00e1s herramientas para los empleados de Tr\u00e1nsito, la Guardia Comunitaria y de Limpieza para la prevenci\u00f3n y control\u201d, se\u00f1al\u00f3 y anunci\u00f3 que en los pr\u00f3ximos d\u00edas ser\u00e1n presentadas 10 motos m\u00e1s, destinadas al control del nuevo sistema de estacionamiento medido.<\/p>\n","protected":false},"excerpt":{"rendered":"<p>La Municipalidad de Resistencia present\u00f3 32 motocicletas 0 kil\u00f3metro que se sumar\u00e1n al parque automotor de las \u00e1reas de Tr\u00e1nsito, Guardia Comunitaria y Limpieza, Se trata de veh\u00edculos de 200, 125 y 110 cent\u00edmetros c\u00fabicos de cilindrada que ya est\u00e1n en funciones. Al respecto habl\u00f3 Dar\u00edo Sardi, subsecretario de Tr\u00e1nsito y Transporte: \u201cSon importantes herramientas [&hellip;]<\/p>\n","protected":false},"author":2,"featured_media":3445,"comment_status":"open","ping_status":"open","sticky":false,"template":"","format":"standard","meta":{"footnotes":""},"categories":[28],"tags":[],"class_list":{"0":"post-3444","1":"post","2":"type-post","3":"status-publish","4":"format-standard","5":"has-post-thumbnail","7":"category-locales"},"aioseo_notices":[],"_links":{"self":[{"href":"https:\/\/lalupa24.com.ar\/index.php\/wp-json\/wp\/v2\/posts\/3444","targetHints":{"allow":["GET"]}}],"collection":[{"href":"https:\/\/lalupa24.com.ar\/index.php\/wp-json\/wp\/v2\/posts"}],"about":[{"href":"https:\/\/lalupa24.com.ar\/index.php\/wp-json\/wp\/v2\/types\/post"}],"author":[{"embeddable":true,"href":"https:\/\/lalupa24.com.ar\/index.php\/wp-json\/wp\/v2\/users\/2"}],"replies":[{"embeddable":true,"href":"https:\/\/lalupa24.com.ar\/index.php\/wp-json\/wp\/v2\/comments?post=3444"}],"version-history":[{"count":1,"href":"https:\/\/lalupa24.com.ar\/index.php\/wp-json\/wp\/v2\/posts\/3444\/revisions"}],"predecessor-version":[{"id":3446,"href":"https:\/\/lalupa24.com.ar\/index.php\/wp-json\/wp\/v2\/posts\/3444\/revisions\/3446"}],"wp:featuredmedia":[{"embeddable":true,"href":"https:\/\/lalupa24.com.ar\/index.php\/wp-json\/wp\/v2\/media\/3445"}],"wp:attachment":[{"href":"https:\/\/lalupa24.com.ar\/index.php\/wp-json\/wp\/v2\/media?parent=3444"}],"wp:term":[{"taxonomy":"category","embeddable":true,"href":"https:\/\/lalupa24.com.ar\/index.php\/wp-json\/wp\/v2\/categories?post=3444"},{"taxonomy":"post_tag","embeddable":true,"href":"https:\/\/lalupa24.com.ar\/index.php\/wp-json\/wp\/v2\/tags?post=3444"}],"curies":[{"name":"wp","href":"https:\/\/api.w.org\/{rel}","templated":true}]}}