{"id":3467,"date":"2025-01-23T10:08:57","date_gmt":"2025-01-23T13:08:57","guid":{"rendered":"https:\/\/lalupa24.com.ar\/?p=3467"},"modified":"2025-01-23T10:13:33","modified_gmt":"2025-01-23T13:13:33","slug":"barranqueras-por-problemas-electricos-en-la-planta-de-produccion-de-sameep-el-servicio-se-encuentra-suspendido-momentaneamente","status":"publish","type":"post","link":"https:\/\/lalupa24.com.ar\/index.php\/2025\/01\/23\/barranqueras-por-problemas-electricos-en-la-planta-de-produccion-de-sameep-el-servicio-se-encuentra-suspendido-momentaneamente\/","title":{"rendered":"BARRANQUERAS: POR PROBLEMAS EL\u00c9CTRICOS EN LA PLANTA DE PRODUCCI\u00d3N DE SAMEEP, EL SERVICIO SE ENCUENTRA SUSPENDIDO MOMENT\u00c1NEAMENTE"},"content":{"rendered":"\n<p>A partir de las 6 de la ma\u00f1ana de este jueves, una falla el\u00e9ctrica en el Centro de Distribuci\u00f3n N\u00b012 ha dejado fuera de servicio las plantas de producci\u00f3n de agua potable en Barranqueras, afectando a toda el \u00c1rea Metropolitana y diversas localidades del interior de la provincia.<\/p>\n\n\n\n<p>El corte se origin\u00f3 por un incendio en la sala de transformaci\u00f3n, lo que dej\u00f3 inoperativas todas las plantas de potabilizaci\u00f3n de agua. Como consecuencia, tanto el Primer Acueducto como el Segundo Acueducto del Interior han quedado fuera de servicio, provocando interrupciones en el suministro de agua.<\/p>\n\n\n\n<p>Equipos de trabajo de Sameep, junto con personal de Secheep y el apoyo de Bomberos de Resistencia, est\u00e1n abocados a la resoluci\u00f3n del problema. Se espera que, una vez completadas las tareas de reparaci\u00f3n, el servicio se restablezca de manera gradual, con la presi\u00f3n y caudal adecuado.<\/p>\n","protected":false},"excerpt":{"rendered":"<p>A partir de las 6 de la ma\u00f1ana de este jueves, una falla el\u00e9ctrica en el Centro de Distribuci\u00f3n N\u00b012 ha dejado fuera de servicio las plantas de producci\u00f3n de agua potable en Barranqueras, afectando a toda el \u00c1rea Metropolitana y diversas localidades del interior de la provincia. El corte se origin\u00f3 por un incendio [&hellip;]<\/p>\n","protected":false},"author":2,"featured_media":3456,"comment_status":"open","ping_status":"open","sticky":false,"template":"","format":"standard","meta":{"footnotes":""},"categories":[27],"tags":[],"class_list":{"0":"post-3467","1":"post","2":"type-post","3":"status-publish","4":"format-standard","5":"has-post-thumbnail","7":"category-interior"},"aioseo_notices":[],"_links":{"self":[{"href":"https:\/\/lalupa24.com.ar\/index.php\/wp-json\/wp\/v2\/posts\/3467","targetHints":{"allow":["GET"]}}],"collection":[{"href":"https:\/\/lalupa24.com.ar\/index.php\/wp-json\/wp\/v2\/posts"}],"about":[{"href":"https:\/\/lalupa24.com.ar\/index.php\/wp-json\/wp\/v2\/types\/post"}],"author":[{"embeddable":true,"href":"https:\/\/lalupa24.com.ar\/index.php\/wp-json\/wp\/v2\/users\/2"}],"replies":[{"embeddable":true,"href":"https:\/\/lalupa24.com.ar\/index.php\/wp-json\/wp\/v2\/comments?post=3467"}],"version-history":[{"count":1,"href":"https:\/\/lalupa24.com.ar\/index.php\/wp-json\/wp\/v2\/posts\/3467\/revisions"}],"predecessor-version":[{"id":3468,"href":"https:\/\/lalupa24.com.ar\/index.php\/wp-json\/wp\/v2\/posts\/3467\/revisions\/3468"}],"wp:featuredmedia":[{"embeddable":true,"href":"https:\/\/lalupa24.com.ar\/index.php\/wp-json\/wp\/v2\/media\/3456"}],"wp:attachment":[{"href":"https:\/\/lalupa24.com.ar\/index.php\/wp-json\/wp\/v2\/media?parent=3467"}],"wp:term":[{"taxonomy":"category","embeddable":true,"href":"https:\/\/lalupa24.com.ar\/index.php\/wp-json\/wp\/v2\/categories?post=3467"},{"taxonomy":"post_tag","embeddable":true,"href":"https:\/\/lalupa24.com.ar\/index.php\/wp-json\/wp\/v2\/tags?post=3467"}],"curies":[{"name":"wp","href":"https:\/\/api.w.org\/{rel}","templated":true}]}}