{"id":3469,"date":"2025-01-23T13:28:39","date_gmt":"2025-01-23T16:28:39","guid":{"rendered":"https:\/\/lalupa24.com.ar\/?p=3469"},"modified":"2025-01-23T13:28:41","modified_gmt":"2025-01-23T16:28:41","slug":"se-subsanaron-los-problemas-electricos-en-la-planta-de-produccion-y-el-servicio-de-agua-potable-se-restablece-paulatinamente","status":"publish","type":"post","link":"https:\/\/lalupa24.com.ar\/index.php\/2025\/01\/23\/se-subsanaron-los-problemas-electricos-en-la-planta-de-produccion-y-el-servicio-de-agua-potable-se-restablece-paulatinamente\/","title":{"rendered":"Se subsanaron los problemas el\u00e9ctricos en la planta de producci\u00f3n y el servicio de agua potable se restablece paulatinamente"},"content":{"rendered":"\n<p><\/p>\n\n\n\n<p><em>Agentes de Sameep y Secheep lograron subsanar los problemas el\u00e9ctricos en la Planta de Producci\u00f3n de Barranqueras y el servicio de agua potable se restablece paulatinamente. La presi\u00f3n y el caudal en el AMGR como en los Acueductos del interior se normalizar\u00e1n en horas de la noche de este jueves.<\/em><\/p>\n\n\n\n<p>Desde el Directorio de la empresa se resalta el trabajo mancomunado del personal de las Gerencias de Electromec\u00e1nica y Producci\u00f3n de Sameep, en conjunto con las \u00e1reas de Protecciones, Transformadores, Equipo El\u00e9ctricoctrico, Operaciones y Distribuci\u00f3n de Secheep y la asistencia de Bomberos de Resistencia para subsanar esta contingencia.<br>Este inconveniente, que afect\u00f3 tanto al \u00c1rea Metropolitana como el interior de la provincia dej\u00f3 fuera de servicio la impulsi\u00f3n tanto del Primer Acueducto como del Segundo, se origin\u00f3 alrededor de las 6 horas de este jueves por problemas el\u00e9ctricos en el Centro de distribuci\u00f3n N\u00b012 y el posterior incendio de una sala de transformaci\u00f3n.<\/p>\n","protected":false},"excerpt":{"rendered":"<p>Agentes de Sameep y Secheep lograron subsanar los problemas el\u00e9ctricos en la Planta de Producci\u00f3n de Barranqueras y el servicio de agua potable se restablece paulatinamente. La presi\u00f3n y el caudal en el AMGR como en los Acueductos del interior se normalizar\u00e1n en horas de la noche de este jueves. Desde el Directorio de la [&hellip;]<\/p>\n","protected":false},"author":2,"featured_media":3470,"comment_status":"open","ping_status":"open","sticky":false,"template":"","format":"standard","meta":{"footnotes":""},"categories":[28],"tags":[],"class_list":{"0":"post-3469","1":"post","2":"type-post","3":"status-publish","4":"format-standard","5":"has-post-thumbnail","7":"category-locales"},"aioseo_notices":[],"_links":{"self":[{"href":"https:\/\/lalupa24.com.ar\/index.php\/wp-json\/wp\/v2\/posts\/3469","targetHints":{"allow":["GET"]}}],"collection":[{"href":"https:\/\/lalupa24.com.ar\/index.php\/wp-json\/wp\/v2\/posts"}],"about":[{"href":"https:\/\/lalupa24.com.ar\/index.php\/wp-json\/wp\/v2\/types\/post"}],"author":[{"embeddable":true,"href":"https:\/\/lalupa24.com.ar\/index.php\/wp-json\/wp\/v2\/users\/2"}],"replies":[{"embeddable":true,"href":"https:\/\/lalupa24.com.ar\/index.php\/wp-json\/wp\/v2\/comments?post=3469"}],"version-history":[{"count":1,"href":"https:\/\/lalupa24.com.ar\/index.php\/wp-json\/wp\/v2\/posts\/3469\/revisions"}],"predecessor-version":[{"id":3471,"href":"https:\/\/lalupa24.com.ar\/index.php\/wp-json\/wp\/v2\/posts\/3469\/revisions\/3471"}],"wp:featuredmedia":[{"embeddable":true,"href":"https:\/\/lalupa24.com.ar\/index.php\/wp-json\/wp\/v2\/media\/3470"}],"wp:attachment":[{"href":"https:\/\/lalupa24.com.ar\/index.php\/wp-json\/wp\/v2\/media?parent=3469"}],"wp:term":[{"taxonomy":"category","embeddable":true,"href":"https:\/\/lalupa24.com.ar\/index.php\/wp-json\/wp\/v2\/categories?post=3469"},{"taxonomy":"post_tag","embeddable":true,"href":"https:\/\/lalupa24.com.ar\/index.php\/wp-json\/wp\/v2\/tags?post=3469"}],"curies":[{"name":"wp","href":"https:\/\/api.w.org\/{rel}","templated":true}]}}