{"id":3472,"date":"2025-01-23T14:51:00","date_gmt":"2025-01-23T17:51:00","guid":{"rendered":"https:\/\/lalupa24.com.ar\/?p=3472"},"modified":"2025-01-23T14:51:02","modified_gmt":"2025-01-23T17:51:02","slug":"el-pro-sigue-ordenado-y-cercano-a-las-lineas-de-zdero-mientras-se-prepara-para-las-internas","status":"publish","type":"post","link":"https:\/\/lalupa24.com.ar\/index.php\/2025\/01\/23\/el-pro-sigue-ordenado-y-cercano-a-las-lineas-de-zdero-mientras-se-prepara-para-las-internas\/","title":{"rendered":"El PRO sigue ordenado y cercano a las l\u00edneas de Zdero mientras se prepara para las internas"},"content":{"rendered":"\n<p><strong>Andrea Guardia Mendonca: &#8220;El PRO est\u00e1 preparado para las internas y sigue firme en su apoyo al gobernador Zdero&#8221;<\/strong><\/p>\n\n\n\n<p>En el marco de una entrevista , Andrea Guardia Mendonca, apoderada del PRO en la provincia del Chaco, brind\u00f3 detalles sobre el trabajo que est\u00e1 llevando a cabo el partido de cara a las elecciones legislativas provinciales y nacionales previstas para el a\u00f1o 2025. Con un calendario electoral en constante avance y un panorama pol\u00edtico que se perfila como clave para el futuro del pa\u00eds y de la provincia, Guardia Mendonca se mostr\u00f3 optimista, pero tambi\u00e9n consciente de los desaf\u00edos que enfrentan.<\/p>\n\n\n\n<p><strong>Preparativos para las elecciones internas: un PRO m\u00e1s fuerte<\/strong><\/p>\n\n\n\n<p>Uno de los temas centrales de la charla fue la preparaci\u00f3n del PRO para las elecciones internas que se celebrar\u00e1n en abril de 2025. La apoderada dej\u00f3 claro que este proceso no solo tiene como objetivo elegir nuevos cargos dentro del partido, sino tambi\u00e9n fortalecer la estructura interna del PRO en Chaco. Seg\u00fan explic\u00f3, estas elecciones internas son una oportunidad para ordenar y consolidar al partido de cara a los comicios provinciales y nacionales que se vienen. &#8220;Estamos trabajando intensamente en el cronograma electoral, en la organizaci\u00f3n de las alianzas y en la recolecci\u00f3n de firmas para poder competir de manera seria y organizada en las elecciones&#8221;, se\u00f1al\u00f3.<\/p>\n\n\n\n<p>Adem\u00e1s, destac\u00f3 que el partido est\u00e1 comprometido con la construcci\u00f3n de una propuesta s\u00f3lida que represente los valores y principios fundacionales del PRO, los cuales, seg\u00fan ella, deben ser el pilar sobre el cual se construyan las alianzas y el futuro electoral.<\/p>\n\n\n\n<p><strong>El liderazgo provincial del PRO y su relaci\u00f3n con Juntos por el Cambio<\/strong><\/p>\n\n\n\n<p>Durante la entrevista, Guardia Mendonca tambi\u00e9n tuvo palabras de reconocimiento para las autoridades provinciales del PRO. El diputado Ernesto Blasco, quien preside el partido en Chaco, y Patricio Amarilla, vicepresidente del mismo, fueron mencionados como figuras clave en la organizaci\u00f3n del partido en la provincia. La apoderada resalt\u00f3 el trabajo que se viene realizando a nivel local para fortalecer la presencia del PRO, no solo en los medios, sino tambi\u00e9n en los barrios y en contacto directo con la gente.<\/p>\n\n\n\n<p>En este sentido, Guardia Mendonca reafirm\u00f3 el compromiso del PRO con Juntos por el Cambio, la coalici\u00f3n que ha sido fundamental para el crecimiento del partido tanto a nivel provincial como nacional. &#8220;El PRO y la UCR han trabajado juntos en numerosas ocasiones y nos mantenemos cercanos ideol\u00f3gicamente. No hay una distancia mayor entre nosotros, por lo que seguimos apostando a fortalecer esta alianza, tanto en la provincia del Chaco como en el \u00e1mbito nacional&#8221;, expres\u00f3. La apoderada enfatiz\u00f3 que la unidad del espacio es fundamental, especialmente cuando se trata de enfrentar los desaf\u00edos electorales que se avecinan.<\/p>\n\n\n\n<p><strong>\u00bfAlianzas con La Libertad Avanza?<\/strong><\/p>\n\n\n\n<p>Consultada sobre la posibilidad de alianzas con otras fuerzas pol\u00edticas, especialmente con La Libertad Avanza, Guardia Mendonca aclar\u00f3 que, aunque este es un espacio emergente que est\u00e1 ganando terreno a nivel nacional, en la provincia del Chaco a\u00fan es prematuro hablar de un acercamiento ideol\u00f3gico o electoral. A pesar de esto, reconoci\u00f3 que el PRO sigue siendo un actor clave en el apoyo al gobierno de Javier Milei, particularmente en lo que respecta a las reformas impulsadas por el presidente. &#8220;A nivel nacional, el PRO est\u00e1 comprometido con el gobierno de Milei y en el Congreso jugamos un rol fundamental apoyando las reformas que el presidente est\u00e1 llevando adelante&#8221;, coment\u00f3, destacando que la postura del partido se mantiene firme en apoyo a las pol\u00edticas de cambio.<\/p>\n\n\n\n<p><strong>Firme apoyo a Zdero: un objetivo de crecimiento responsable<\/strong><\/p>\n\n\n\n<p>Uno de los temas m\u00e1s relevantes de la conversaci\u00f3n fue el apoyo incondicional de Andrea Guardia Mendonca al gobernador Leandro Zdero. La apoderada destac\u00f3 que el PRO contin\u00faa alineado con la gesti\u00f3n de Zdero y que, a pesar de los desaf\u00edos y las cr\u00edticas que puedan surgir, est\u00e1n trabajando para consolidar una propuesta electoral que sume m\u00e1s bancas en la C\u00e1mara de Diputados sin perder de vista los principios republicanos y democr\u00e1ticos que siempre han sido parte de la identidad del partido. &#8220;Nuestro objetivo es crecer y sumar fuerzas para fortalecer al PRO, pero sin comprometer los valores con los que nos identificamos desde el principio&#8221;, subray\u00f3.<\/p>\n\n\n\n<p>Guardia Mendonca tambi\u00e9n reflexion\u00f3 sobre la situaci\u00f3n actual de la provincia del Chaco, donde, seg\u00fan dijo, el PRO tiene la responsabilidad de seguir trabajando para garantizar un futuro mejor para los chaque\u00f1os. &#8220;Es fundamental que sigamos apostando a un proyecto pol\u00edtico que est\u00e9 alineado con la democracia, la transparencia y la justicia social&#8221;, se\u00f1al\u00f3.<\/p>\n\n\n\n<p><strong>Desaf\u00edos internos y el trabajo hacia la unidad<\/strong><\/p>\n\n\n\n<p>Finalmente, Guardia Mendonca se refiri\u00f3 a los desaf\u00edos internos que enfrenta el PRO, tanto en la provincia como a nivel nacional. Reconoci\u00f3 que existen diferencias dentro del partido, especialmente en un momento tan complejo como el actual, con un calendario electoral ajustado y una fragmentaci\u00f3n en algunas de las discusiones internas. Sin embargo, expres\u00f3 su confianza en que el PRO ser\u00e1 capaz de superar estos obst\u00e1culos. &#8220;Estamos atravesando un proceso de autocr\u00edtica y reorganizaci\u00f3n, entendemos que la unidad del espacio es crucial para poder presentar una alternativa de gobierno s\u00f3lida a los ciudadanos&#8221;, afirm\u00f3.<\/p>\n\n\n\n<p>La apoderada concluy\u00f3 su intervenci\u00f3n destacando la importancia de la unidad interna para consolidar un proyecto pol\u00edtico claro que no solo busque ganar las elecciones, sino tambi\u00e9n generar un cambio profundo en las pol\u00edticas p\u00fablicas. &#8220;El PRO est\u00e1 listo para afrontar los desaf\u00edos que se nos presenten y trabajamos para ofrecer una propuesta de gobierno que est\u00e9 a la altura de lo que los chaque\u00f1os y los argentinos necesitan&#8221;, finaliz\u00f3.<\/p>\n","protected":false},"excerpt":{"rendered":"<p>Andrea Guardia Mendonca: &#8220;El PRO est\u00e1 preparado para las internas y sigue firme en su apoyo al gobernador Zdero&#8221; En el marco de una entrevista , Andrea Guardia Mendonca, apoderada del PRO en la provincia del Chaco, brind\u00f3 detalles sobre el trabajo que est\u00e1 llevando a cabo el partido de cara a las elecciones legislativas [&hellip;]<\/p>\n","protected":false},"author":2,"featured_media":3473,"comment_status":"open","ping_status":"open","sticky":false,"template":"","format":"standard","meta":{"footnotes":""},"categories":[27],"tags":[],"class_list":{"0":"post-3472","1":"post","2":"type-post","3":"status-publish","4":"format-standard","5":"has-post-thumbnail","7":"category-interior"},"aioseo_notices":[],"_links":{"self":[{"href":"https:\/\/lalupa24.com.ar\/index.php\/wp-json\/wp\/v2\/posts\/3472","targetHints":{"allow":["GET"]}}],"collection":[{"href":"https:\/\/lalupa24.com.ar\/index.php\/wp-json\/wp\/v2\/posts"}],"about":[{"href":"https:\/\/lalupa24.com.ar\/index.php\/wp-json\/wp\/v2\/types\/post"}],"author":[{"embeddable":true,"href":"https:\/\/lalupa24.com.ar\/index.php\/wp-json\/wp\/v2\/users\/2"}],"replies":[{"embeddable":true,"href":"https:\/\/lalupa24.com.ar\/index.php\/wp-json\/wp\/v2\/comments?post=3472"}],"version-history":[{"count":1,"href":"https:\/\/lalupa24.com.ar\/index.php\/wp-json\/wp\/v2\/posts\/3472\/revisions"}],"predecessor-version":[{"id":3474,"href":"https:\/\/lalupa24.com.ar\/index.php\/wp-json\/wp\/v2\/posts\/3472\/revisions\/3474"}],"wp:featuredmedia":[{"embeddable":true,"href":"https:\/\/lalupa24.com.ar\/index.php\/wp-json\/wp\/v2\/media\/3473"}],"wp:attachment":[{"href":"https:\/\/lalupa24.com.ar\/index.php\/wp-json\/wp\/v2\/media?parent=3472"}],"wp:term":[{"taxonomy":"category","embeddable":true,"href":"https:\/\/lalupa24.com.ar\/index.php\/wp-json\/wp\/v2\/categories?post=3472"},{"taxonomy":"post_tag","embeddable":true,"href":"https:\/\/lalupa24.com.ar\/index.php\/wp-json\/wp\/v2\/tags?post=3472"}],"curies":[{"name":"wp","href":"https:\/\/api.w.org\/{rel}","templated":true}]}}