{"id":375,"date":"2024-03-05T06:52:58","date_gmt":"2024-03-05T09:52:58","guid":{"rendered":"https:\/\/lalupa24.com.ar\/?p=6082"},"modified":"2024-03-05T06:52:58","modified_gmt":"2024-03-05T09:52:58","slug":"el-regimen-de-libertad-de-prensa-es-desafiado-por-medidas-sin-precedentes-en-telam","status":"publish","type":"post","link":"https:\/\/lalupa24.com.ar\/index.php\/2024\/03\/05\/el-regimen-de-libertad-de-prensa-es-desafiado-por-medidas-sin-precedentes-en-telam\/","title":{"rendered":"El r\u00e9gimen de libertad de prensa es desafiado por medidas sin precedentes en T\u00e9lam."},"content":{"rendered":"\n<p>En una acci\u00f3n sin precedentes y carente de respaldo legal, los empleados de la agencia fueron expulsados por la polic\u00eda y suspendidos por una semana, sin ninguna orden judicial. Como resultado, los servicios de noticias y fotograf\u00edas han sido interrumpidos, mientras que el sitio web se encuentra en estado de &#8220;reconstrucci\u00f3n&#8221;.<\/p>\n\n\n\n<p>La ejecuci\u00f3n de las medidas anunciadas por el Presidente durante la apertura de sesiones comenz\u00f3 a la medianoche del domingo, en un movimiento que ha sido ampliamente denunciado como un ataque a la libertad de prensa y al derecho a la informaci\u00f3n de los ciudadanos. Seg\u00fan constitucionalistas, legisladores y l\u00edderes gremiales, el gobierno ha tomado control de la agencia nacional de noticias T\u00e9lam de manera ilegal, primero desalojando a los trabajadores sin una orden judicial y luego enviando notificaciones de suspensi\u00f3n por una semana a su personal en todo el pa\u00eds. Simult\u00e1neamente, el sitio web de la agencia, junto con su archivo p\u00fablico, fue retirado sin explicaci\u00f3n, mientras que se suspendi\u00f3 el servicio de cables de noticias y fotograf\u00edas.<\/p>\n\n\n\n<p>Figuras del oficialismo como el vocero presidencial Manuel Adorni y el legislador Ramiro Marra celebraron estos acontecimientos en las redes sociales, indicando un posible despido de los trabajadores como siguiente paso. A pesar de la pregunta sobre la crueldad de sus declaraciones, el vocero no pudo articular un plan integral para la agencia, que es reconocida como la m\u00e1s importante de Latinoam\u00e9rica.<\/p>\n\n\n\n<p>El diputado Pablo Carro present\u00f3 un proyecto para exigir al Poder Ejecutivo Nacional que mantenga a T\u00e9lam como la \u00fanica agencia de noticias con alcance federal y corresponsal\u00edas en todas las provincias.<\/p>\n\n\n\n<p>En respuesta a estas acciones, se llev\u00f3 a cabo un abrazo masivo frente a la agencia, con la participaci\u00f3n de trabajadores de prensa y l\u00edderes sindicales y sociales. Pablo Moyano, en representaci\u00f3n de la Confederaci\u00f3n General del Trabajo, enfatiz\u00f3 la importancia de la unidad en la defensa de los trabajadores. Se anunci\u00f3 la posibilidad de un paro nacional en defensa de los trabajadores argentinos.<\/p>\n\n\n\n<p>Diversos expertos coinciden en que la suspensi\u00f3n de facto de T\u00e9lam est\u00e1 fuera de la ley y va en contra del pluralismo y la libertad de prensa. Adem\u00e1s, cualquier decisi\u00f3n futura relacionada con la agencia que no pase por el Congreso ser\u00eda considerada ilegal.<\/p>\n\n\n\n<p>La importancia de una agencia de noticias nacional, especialmente en un momento de proliferaci\u00f3n de noticias falsas, fue destacada por expertos en comunicaci\u00f3n. Los corresponsales de T\u00e9lam, desplegados en todo el pa\u00eds, se consideran un recurso vital en la actualidad medi\u00e1tica.<\/p>\n\n\n\n<p>Los trabajadores de T\u00e9lam rechazaron la dispensa laboral recibida, manifestando su unidad en defensa de sus derechos. A pesar de recibir muestras de solidaridad, tambi\u00e9n enfrentaron obst\u00e1culos, como la prohibici\u00f3n de expresar apoyo en Radio Nacional y Canal 7.<\/p>\n\n\n\n<p>Despu\u00e9s de 78 a\u00f1os de servicio ininterrumpido, T\u00e9lam se encuentra suspendida en una situaci\u00f3n in\u00e9dita. Las justificaciones dadas por el gobierno apuntan hacia una visi\u00f3n de desmantelamiento del Estado y de cr\u00edticas a la gesti\u00f3n anterior.<\/p>\n\n\n\n<p>La cancelaci\u00f3n de T\u00e9lam ha generado diversas reacciones, desde la preocupaci\u00f3n por la libertad de prensa hasta el an\u00e1lisis de las implicaciones econ\u00f3micas y pol\u00edticas de esta medida.<\/p>\n","protected":false},"excerpt":{"rendered":"<p>En una acci\u00f3n sin precedentes y carente de respaldo legal, los empleados de la agencia fueron expulsados por la polic\u00eda y suspendidos por una semana, sin ninguna orden judicial. <\/p>\n","protected":false},"author":1,"featured_media":376,"comment_status":"open","ping_status":"open","sticky":false,"template":"","format":"standard","meta":{"footnotes":""},"categories":[26],"tags":[],"class_list":{"0":"post-375","1":"post","2":"type-post","3":"status-publish","4":"format-standard","5":"has-post-thumbnail","7":"category-nacionales"},"aioseo_notices":[],"_links":{"self":[{"href":"https:\/\/lalupa24.com.ar\/index.php\/wp-json\/wp\/v2\/posts\/375","targetHints":{"allow":["GET"]}}],"collection":[{"href":"https:\/\/lalupa24.com.ar\/index.php\/wp-json\/wp\/v2\/posts"}],"about":[{"href":"https:\/\/lalupa24.com.ar\/index.php\/wp-json\/wp\/v2\/types\/post"}],"author":[{"embeddable":true,"href":"https:\/\/lalupa24.com.ar\/index.php\/wp-json\/wp\/v2\/users\/1"}],"replies":[{"embeddable":true,"href":"https:\/\/lalupa24.com.ar\/index.php\/wp-json\/wp\/v2\/comments?post=375"}],"version-history":[{"count":0,"href":"https:\/\/lalupa24.com.ar\/index.php\/wp-json\/wp\/v2\/posts\/375\/revisions"}],"wp:featuredmedia":[{"embeddable":true,"href":"https:\/\/lalupa24.com.ar\/index.php\/wp-json\/wp\/v2\/media\/376"}],"wp:attachment":[{"href":"https:\/\/lalupa24.com.ar\/index.php\/wp-json\/wp\/v2\/media?parent=375"}],"wp:term":[{"taxonomy":"category","embeddable":true,"href":"https:\/\/lalupa24.com.ar\/index.php\/wp-json\/wp\/v2\/categories?post=375"},{"taxonomy":"post_tag","embeddable":true,"href":"https:\/\/lalupa24.com.ar\/index.php\/wp-json\/wp\/v2\/tags?post=375"}],"curies":[{"name":"wp","href":"https:\/\/api.w.org\/{rel}","templated":true}]}}