{"id":3779,"date":"2025-02-05T09:07:35","date_gmt":"2025-02-05T12:07:35","guid":{"rendered":"https:\/\/lalupa24.com.ar\/?p=3779"},"modified":"2025-02-05T09:07:37","modified_gmt":"2025-02-05T12:07:37","slug":"nuevas-garitas-para-el-transporte-publico-en-el-area-metropolitana","status":"publish","type":"post","link":"https:\/\/lalupa24.com.ar\/index.php\/2025\/02\/05\/nuevas-garitas-para-el-transporte-publico-en-el-area-metropolitana\/","title":{"rendered":"Nuevas garitas para el transporte p\u00fablico en el \u00e1rea metropolitana"},"content":{"rendered":"\n<p><\/p>\n\n\n\n<p><em>El gobierno del Chaco, a trav\u00e9s del Ministerio de Infraestructura, inici\u00f3 un plan de renovaci\u00f3n y optimizaci\u00f3n de los refugios de transporte p\u00fablico, paradas seguras, garitas y dem\u00e1s elementos relacionados al servicio en el \u00e1rea metropolitana.<\/em><\/p>\n\n\n\n<p>Autoridades de la Subsecretar\u00eda de Transporte de la Provincia precisaron que la tarea demandar\u00e1 un tiempo determinado por lo cual piden comprensi\u00f3n a la poblaci\u00f3n debido a que en algunos casos se encontrar\u00e1n con la ausencia de las garitas en su lugar habitual.<\/p>\n\n\n\n<p>Transporte adem\u00e1s precis\u00f3 que este plan, con acciones vinculadas al mejoramiento del Sistema Integrado de Transporte del \u00c1rea Metropolitana (SITAM), \u201cest\u00e1 vinculado con mejorar la seguridad y comodidad de los usuarios, por ello es necesario el retiro temporal de las unidades afectadas\u201d, aseguran.<br>Finalmente desde la Subsecretar\u00eda agradecen la colaboraci\u00f3n de la comunidad y reiteran el compromiso de seguir mejorando el servicio para brindar una experiencia m\u00e1s c\u00f3moda y segura para los ciudadanos del \u00e1rea metropolitana.<\/p>\n","protected":false},"excerpt":{"rendered":"<p>El gobierno del Chaco, a trav\u00e9s del Ministerio de Infraestructura, inici\u00f3 un plan de renovaci\u00f3n y optimizaci\u00f3n de los refugios de transporte p\u00fablico, paradas seguras, garitas y dem\u00e1s elementos relacionados al servicio en el \u00e1rea metropolitana. Autoridades de la Subsecretar\u00eda de Transporte de la Provincia precisaron que la tarea demandar\u00e1 un tiempo determinado por lo [&hellip;]<\/p>\n","protected":false},"author":2,"featured_media":3780,"comment_status":"open","ping_status":"open","sticky":false,"template":"","format":"standard","meta":{"footnotes":""},"categories":[28],"tags":[],"class_list":{"0":"post-3779","1":"post","2":"type-post","3":"status-publish","4":"format-standard","5":"has-post-thumbnail","7":"category-locales"},"aioseo_notices":[],"_links":{"self":[{"href":"https:\/\/lalupa24.com.ar\/index.php\/wp-json\/wp\/v2\/posts\/3779","targetHints":{"allow":["GET"]}}],"collection":[{"href":"https:\/\/lalupa24.com.ar\/index.php\/wp-json\/wp\/v2\/posts"}],"about":[{"href":"https:\/\/lalupa24.com.ar\/index.php\/wp-json\/wp\/v2\/types\/post"}],"author":[{"embeddable":true,"href":"https:\/\/lalupa24.com.ar\/index.php\/wp-json\/wp\/v2\/users\/2"}],"replies":[{"embeddable":true,"href":"https:\/\/lalupa24.com.ar\/index.php\/wp-json\/wp\/v2\/comments?post=3779"}],"version-history":[{"count":1,"href":"https:\/\/lalupa24.com.ar\/index.php\/wp-json\/wp\/v2\/posts\/3779\/revisions"}],"predecessor-version":[{"id":3781,"href":"https:\/\/lalupa24.com.ar\/index.php\/wp-json\/wp\/v2\/posts\/3779\/revisions\/3781"}],"wp:featuredmedia":[{"embeddable":true,"href":"https:\/\/lalupa24.com.ar\/index.php\/wp-json\/wp\/v2\/media\/3780"}],"wp:attachment":[{"href":"https:\/\/lalupa24.com.ar\/index.php\/wp-json\/wp\/v2\/media?parent=3779"}],"wp:term":[{"taxonomy":"category","embeddable":true,"href":"https:\/\/lalupa24.com.ar\/index.php\/wp-json\/wp\/v2\/categories?post=3779"},{"taxonomy":"post_tag","embeddable":true,"href":"https:\/\/lalupa24.com.ar\/index.php\/wp-json\/wp\/v2\/tags?post=3779"}],"curies":[{"name":"wp","href":"https:\/\/api.w.org\/{rel}","templated":true}]}}