{"id":3795,"date":"2025-02-05T09:18:17","date_gmt":"2025-02-05T12:18:17","guid":{"rendered":"https:\/\/lalupa24.com.ar\/?p=3795"},"modified":"2025-02-05T09:18:19","modified_gmt":"2025-02-05T12:18:19","slug":"robo-y-durmio-asi-santiagueno-se-quedo-dormido-en-la-vereda-tras-un-atraco","status":"publish","type":"post","link":"https:\/\/lalupa24.com.ar\/index.php\/2025\/02\/05\/robo-y-durmio-asi-santiagueno-se-quedo-dormido-en-la-vereda-tras-un-atraco\/","title":{"rendered":"\u00a1Rob\u00f3 y durmi\u00f3! As\u00ed santiague\u00f1o se qued\u00f3 dormido en la vereda tras un atraco"},"content":{"rendered":"\n<p>Un ladr\u00f3n fue detenido de manera ins\u00f3lita en La Banda, Santiago del Estero, luego de quedarse dormido en la vereda tras cometer un robo. El delincuente, identificado como Mart\u00ednez, fue encontrado por la Polic\u00eda con una mochila llena de objetos robados, mientras dorm\u00eda. El hecho ocurri\u00f3 alrededor de las 8 de la ma\u00f1ana en el barrio 25 de Mayo, donde personal de la comisar\u00eda 56, tras ser alertados por la polic\u00eda local, lo atrap\u00f3 sin resistencia. Aunque no se han confirmado detalles, no se descarta que el ladr\u00f3n estuviera bajo los efectos de drogas o alcohol. Las im\u00e1genes del arresto sorprendieron a los vecinos, ya que el hombre segu\u00eda dormido incluso cuando llegaron los oficiales.<\/p>\n","protected":false},"excerpt":{"rendered":"<p>Un ladr\u00f3n fue detenido de manera ins\u00f3lita en La Banda, Santiago del Estero, luego de quedarse dormido en la vereda tras cometer un robo. El delincuente, identificado como Mart\u00ednez, fue encontrado por la Polic\u00eda con una mochila llena de objetos robados, mientras dorm\u00eda. El hecho ocurri\u00f3 alrededor de las 8 de la ma\u00f1ana en el [&hellip;]<\/p>\n","protected":false},"author":2,"featured_media":3792,"comment_status":"open","ping_status":"open","sticky":false,"template":"","format":"standard","meta":{"footnotes":""},"categories":[155],"tags":[],"class_list":{"0":"post-3795","1":"post","2":"type-post","3":"status-publish","4":"format-standard","5":"has-post-thumbnail","7":"category-policiales"},"aioseo_notices":[],"_links":{"self":[{"href":"https:\/\/lalupa24.com.ar\/index.php\/wp-json\/wp\/v2\/posts\/3795","targetHints":{"allow":["GET"]}}],"collection":[{"href":"https:\/\/lalupa24.com.ar\/index.php\/wp-json\/wp\/v2\/posts"}],"about":[{"href":"https:\/\/lalupa24.com.ar\/index.php\/wp-json\/wp\/v2\/types\/post"}],"author":[{"embeddable":true,"href":"https:\/\/lalupa24.com.ar\/index.php\/wp-json\/wp\/v2\/users\/2"}],"replies":[{"embeddable":true,"href":"https:\/\/lalupa24.com.ar\/index.php\/wp-json\/wp\/v2\/comments?post=3795"}],"version-history":[{"count":1,"href":"https:\/\/lalupa24.com.ar\/index.php\/wp-json\/wp\/v2\/posts\/3795\/revisions"}],"predecessor-version":[{"id":3796,"href":"https:\/\/lalupa24.com.ar\/index.php\/wp-json\/wp\/v2\/posts\/3795\/revisions\/3796"}],"wp:featuredmedia":[{"embeddable":true,"href":"https:\/\/lalupa24.com.ar\/index.php\/wp-json\/wp\/v2\/media\/3792"}],"wp:attachment":[{"href":"https:\/\/lalupa24.com.ar\/index.php\/wp-json\/wp\/v2\/media?parent=3795"}],"wp:term":[{"taxonomy":"category","embeddable":true,"href":"https:\/\/lalupa24.com.ar\/index.php\/wp-json\/wp\/v2\/categories?post=3795"},{"taxonomy":"post_tag","embeddable":true,"href":"https:\/\/lalupa24.com.ar\/index.php\/wp-json\/wp\/v2\/tags?post=3795"}],"curies":[{"name":"wp","href":"https:\/\/api.w.org\/{rel}","templated":true}]}}