{"id":3801,"date":"2025-02-05T09:21:08","date_gmt":"2025-02-05T12:21:08","guid":{"rendered":"https:\/\/lalupa24.com.ar\/?p=3801"},"modified":"2025-02-05T09:21:09","modified_gmt":"2025-02-05T12:21:09","slug":"el-gobierno-apunta-a-tener-listo-el-nuevo-decreto-que-elimina-leyes-y-organismos-antes-de-que-termine-febrero","status":"publish","type":"post","link":"https:\/\/lalupa24.com.ar\/index.php\/2025\/02\/05\/el-gobierno-apunta-a-tener-listo-el-nuevo-decreto-que-elimina-leyes-y-organismos-antes-de-que-termine-febrero\/","title":{"rendered":"El Gobierno apunta a tener listo el nuevo decreto que elimina leyes y organismos antes de que termine febrero"},"content":{"rendered":"\n<p>El martes por la ma\u00f1ana, el ministro de Desregulaci\u00f3n y Transformaci\u00f3n del Estado, Federico Sturzenegger, se reuni\u00f3 en la Casa Rosada con Santiago Caputo, asesor presidencial, y Maximiliano Fari\u00f1a, Secretario de Transformaci\u00f3n del Estado. Este encuentro ocurri\u00f3 un d\u00eda despu\u00e9s de que el presidente Javier Milei anunciara un nuevo decreto para eliminar organismos y derogar leyes. Sturzenegger est\u00e1 a cargo de este proyecto, que busca continuar reduciendo el tama\u00f1o del Estado, similar al DNU 70\/2023.<\/p>\n\n\n\n<p>El nuevo Decreto 70\/2025, que podr\u00eda estar listo en 10 a 15 d\u00edas, se enfocar\u00e1 en desregular sectores como el aerocomercial e inmobiliario para facilitar el comercio. Entre los organismos que podr\u00edan verse modificados est\u00e1n la ANAC, la JST, el ORSNA, y Aerol\u00edneas Argentinas, con el objetivo de simplificar su estructura y mejorar la eficiencia del sector.<\/p>\n\n\n\n<p>Adem\u00e1s, se espera que el presidente no haga un anuncio en cadena nacional como en diciembre de 2023. Aunque el cronograma podr\u00eda verse afectado por la agenda de Milei, el trabajo sigue adelante con la colaboraci\u00f3n de otros funcionarios como Jos\u00e9 Rolandi.<\/p>\n","protected":false},"excerpt":{"rendered":"<p>El martes por la ma\u00f1ana, el ministro de Desregulaci\u00f3n y Transformaci\u00f3n del Estado, Federico Sturzenegger, se reuni\u00f3 en la Casa Rosada con Santiago Caputo, asesor presidencial, y Maximiliano Fari\u00f1a, Secretario de Transformaci\u00f3n del Estado. Este encuentro ocurri\u00f3 un d\u00eda despu\u00e9s de que el presidente Javier Milei anunciara un nuevo decreto para eliminar organismos y derogar [&hellip;]<\/p>\n","protected":false},"author":2,"featured_media":3788,"comment_status":"open","ping_status":"open","sticky":false,"template":"","format":"standard","meta":{"footnotes":""},"categories":[26],"tags":[],"class_list":{"0":"post-3801","1":"post","2":"type-post","3":"status-publish","4":"format-standard","5":"has-post-thumbnail","7":"category-nacionales"},"aioseo_notices":[],"_links":{"self":[{"href":"https:\/\/lalupa24.com.ar\/index.php\/wp-json\/wp\/v2\/posts\/3801","targetHints":{"allow":["GET"]}}],"collection":[{"href":"https:\/\/lalupa24.com.ar\/index.php\/wp-json\/wp\/v2\/posts"}],"about":[{"href":"https:\/\/lalupa24.com.ar\/index.php\/wp-json\/wp\/v2\/types\/post"}],"author":[{"embeddable":true,"href":"https:\/\/lalupa24.com.ar\/index.php\/wp-json\/wp\/v2\/users\/2"}],"replies":[{"embeddable":true,"href":"https:\/\/lalupa24.com.ar\/index.php\/wp-json\/wp\/v2\/comments?post=3801"}],"version-history":[{"count":1,"href":"https:\/\/lalupa24.com.ar\/index.php\/wp-json\/wp\/v2\/posts\/3801\/revisions"}],"predecessor-version":[{"id":3802,"href":"https:\/\/lalupa24.com.ar\/index.php\/wp-json\/wp\/v2\/posts\/3801\/revisions\/3802"}],"wp:featuredmedia":[{"embeddable":true,"href":"https:\/\/lalupa24.com.ar\/index.php\/wp-json\/wp\/v2\/media\/3788"}],"wp:attachment":[{"href":"https:\/\/lalupa24.com.ar\/index.php\/wp-json\/wp\/v2\/media?parent=3801"}],"wp:term":[{"taxonomy":"category","embeddable":true,"href":"https:\/\/lalupa24.com.ar\/index.php\/wp-json\/wp\/v2\/categories?post=3801"},{"taxonomy":"post_tag","embeddable":true,"href":"https:\/\/lalupa24.com.ar\/index.php\/wp-json\/wp\/v2\/tags?post=3801"}],"curies":[{"name":"wp","href":"https:\/\/api.w.org\/{rel}","templated":true}]}}