{"id":381,"date":"2024-02-29T05:29:36","date_gmt":"2024-02-29T08:29:36","guid":{"rendered":"https:\/\/lalupa24.com.ar\/?p=5984"},"modified":"2024-02-29T05:29:36","modified_gmt":"2024-02-29T08:29:36","slug":"cuatro-sindicatos-docentes-han-anunciado-la-convocatoria-a-un-paro-nacional-para-el-proximo-lunes-en-todo-el-pais","status":"publish","type":"post","link":"https:\/\/lalupa24.com.ar\/index.php\/2024\/02\/29\/cuatro-sindicatos-docentes-han-anunciado-la-convocatoria-a-un-paro-nacional-para-el-proximo-lunes-en-todo-el-pais\/","title":{"rendered":"Cuatro sindicatos docentes han anunciado la convocatoria a un paro nacional para el pr\u00f3ximo lunes en todo el pa\u00eds."},"content":{"rendered":"\n<p> Estas organizaciones, UDA, SADOP, AMET y CEA, que representan una minor\u00eda en el \u00e1mbito sindical, tomaron esta decisi\u00f3n debido al fracaso de las negociaciones salariales con el Gobierno. Asimismo, CTERA tambi\u00e9n ha decidido convocar a una jornada nacional de protesta, aunque a\u00fan no ha determinado la fecha.<\/p>\n\n\n\n<p>La iniciativa fue anunciada en una conferencia de prensa llevada a cabo el mi\u00e9rcoles en el sal\u00f3n Sa\u00fal Ubaldini de la Confederaci\u00f3n General del Trabajo (CGT). En el mismo contexto, la Uni\u00f3n de Educadores de la Provincia (UEPC) de C\u00f3rdoba hab\u00eda anunciado previamente un paro para el martes en rechazo a la oferta de la Provincia.<\/p>\n\n\n\n<p>Por otro lado, la Confederaci\u00f3n de Trabajadores de la Educaci\u00f3n de la Rep\u00fablica Argentina (CTERA) ha resuelto convocar a una jornada nacional de protesta, pero a\u00fan no ha establecido una fecha espec\u00edfica. La reuni\u00f3n con el Gobierno se ha pospuesto hasta el pr\u00f3ximo martes, un d\u00eda despu\u00e9s del paro, cuando se realizar\u00e1 una nueva convocatoria para intentar resolver el conflicto con los sindicatos docentes.<\/p>\n\n\n\n<p>Sergio Romero, secretario general nacional de la Uni\u00f3n Docentes Argentinos (UDA), anunci\u00f3 durante una conferencia de prensa en la sede de la calle Azopardo que se llevar\u00e1 a cabo un paro nacional el pr\u00f3ximo lunes 4. En el mismo evento, Romero expres\u00f3 su preocupaci\u00f3n por la falta de respuesta del Gobierno nacional durante las negociaciones.<\/p>\n\n\n\n<p>En otro \u00e1mbito, Pablo Moyano, cosecretario general de la CGT y secretario adjunto del sindicato de Camioneros, hizo hincapi\u00e9 en la preocupaci\u00f3n por el deterioro del poder adquisitivo de los trabajadores.<\/p>\n\n\n\n<p>Sonia Alesso, titular de la Confederaci\u00f3n de Trabajadores de la Educaci\u00f3n de la Rep\u00fablica Argentina (CTERA), manifest\u00f3 la convicci\u00f3n del sindicato en cuanto a la necesidad de cumplir con las medidas de acci\u00f3n votadas en el congreso.<\/p>\n\n\n\n<p>En respuesta a las demandas de los sindicatos, el Gobierno confirm\u00f3 la continuidad del Fondo Compensador y la finalizaci\u00f3n del Fondo Nacional de Incentivo Docente (FONID), con la intenci\u00f3n de reorientar los fondos hacia pol\u00edticas relacionadas con aprendizajes efectivos y el sistema de informaci\u00f3n escolar. Adem\u00e1s, se solicit\u00f3 a las provincias que presenten sus ofertas salariales para discutirlas en la mesa de negociaci\u00f3n.<\/p>\n\n\n\n<p>Durante el encuentro, los sindicatos docentes tambi\u00e9n plantearon la necesidad de recomposici\u00f3n salarial y el pago de deudas pendientes, as\u00ed como la continuidad del fondo compensador docente. La convocatoria incluy\u00f3 a los ministros de Educaci\u00f3n de las provincias y de la Ciudad Aut\u00f3noma de Buenos Aires, con el fin de iniciar di\u00e1logos para acordar el convenio marco nacional del salario m\u00ednimo docente.<\/p>\n\n\n\n<p>La semana pasada, CTERA llev\u00f3 a cabo un paro nacional en rechazo a la eliminaci\u00f3n del Fondo Nacional de Incentivo Docente (FONID) y el Fondo de Compensaci\u00f3n Salarial, mientras que los otros cuatro sindicatos docentes nacionales, UDA, Sadop, AMET y CEA, se abstuvieron de participar en la medida de fuerza tras la convocatoria del Gobierno.<\/p>\n","protected":false},"excerpt":{"rendered":"<p> Estas organizaciones, UDA, SADOP, AMET y CEA, que representan una minor\u00eda en el \u00e1mbito sindical, tomaron esta decisi\u00f3n debido al fracaso de las negociaciones salariales con el Gobierno. Asimismo, CTERA tambi\u00e9n ha decidido convocar a una jornada nacional de protesta, aunque a\u00fan no ha determinado la fecha.<\/p>\n","protected":false},"author":1,"featured_media":382,"comment_status":"open","ping_status":"open","sticky":false,"template":"","format":"standard","meta":{"footnotes":""},"categories":[26],"tags":[],"class_list":{"0":"post-381","1":"post","2":"type-post","3":"status-publish","4":"format-standard","5":"has-post-thumbnail","7":"category-nacionales"},"aioseo_notices":[],"_links":{"self":[{"href":"https:\/\/lalupa24.com.ar\/index.php\/wp-json\/wp\/v2\/posts\/381","targetHints":{"allow":["GET"]}}],"collection":[{"href":"https:\/\/lalupa24.com.ar\/index.php\/wp-json\/wp\/v2\/posts"}],"about":[{"href":"https:\/\/lalupa24.com.ar\/index.php\/wp-json\/wp\/v2\/types\/post"}],"author":[{"embeddable":true,"href":"https:\/\/lalupa24.com.ar\/index.php\/wp-json\/wp\/v2\/users\/1"}],"replies":[{"embeddable":true,"href":"https:\/\/lalupa24.com.ar\/index.php\/wp-json\/wp\/v2\/comments?post=381"}],"version-history":[{"count":0,"href":"https:\/\/lalupa24.com.ar\/index.php\/wp-json\/wp\/v2\/posts\/381\/revisions"}],"wp:featuredmedia":[{"embeddable":true,"href":"https:\/\/lalupa24.com.ar\/index.php\/wp-json\/wp\/v2\/media\/382"}],"wp:attachment":[{"href":"https:\/\/lalupa24.com.ar\/index.php\/wp-json\/wp\/v2\/media?parent=381"}],"wp:term":[{"taxonomy":"category","embeddable":true,"href":"https:\/\/lalupa24.com.ar\/index.php\/wp-json\/wp\/v2\/categories?post=381"},{"taxonomy":"post_tag","embeddable":true,"href":"https:\/\/lalupa24.com.ar\/index.php\/wp-json\/wp\/v2\/tags?post=381"}],"curies":[{"name":"wp","href":"https:\/\/api.w.org\/{rel}","templated":true}]}}