{"id":3905,"date":"2025-02-10T10:42:55","date_gmt":"2025-02-10T13:42:55","guid":{"rendered":"https:\/\/lalupa24.com.ar\/?p=3905"},"modified":"2025-02-10T10:42:57","modified_gmt":"2025-02-10T13:42:57","slug":"villa-angela-avanza-la-conexion-de-mas-energia-solar-a-la-red-electrica-chaquena","status":"publish","type":"post","link":"https:\/\/lalupa24.com.ar\/index.php\/2025\/02\/10\/villa-angela-avanza-la-conexion-de-mas-energia-solar-a-la-red-electrica-chaquena\/","title":{"rendered":"VILLA \u00c1NGELA: AVANZA LA CONEXI\u00d3N DE M\u00c1S ENERG\u00cdA SOLAR A LA RED EL\u00c9CTRICA CHAQUE\u00d1A"},"content":{"rendered":"\n<p>El Gobierno provincial, a trav\u00e9s de SECHEEP, en alianza estrat\u00e9gica con la empresa MSU Green Energy, avanzan con la mega obra del nuevo complejo solar de Villa \u00c1ngela. En ese marco, en la ma\u00f1ana de&nbsp;<strong>este domingo 9 de febrero, se realizaron trabajos que forman parte de la pronta incorporaci\u00f3n de 100 MW de energ\u00eda renovable al sistema interconectado nacional y chaque\u00f1o, que beneficiar\u00e1 directamente a toda la zona sur y oeste de la provincia.<\/strong><br>\u00ab<strong>Ante la realidad que atraviesa la provincia en materia energ\u00e9tica, queremos que los chaque\u00f1os sepan que estamos trabajando y no somos indiferente a la situaci\u00f3n que vivimos. Junto al gobernador Leandro Zdero trabajamos en esta obra que permitir\u00e1 una mejor prestaci\u00f3n del servicio el\u00e9ctrico, a trav\u00e9s de una energ\u00eda limpia, generando un positivo impacto ambiental, econ\u00f3mico y social\u00bb, se\u00f1al\u00f3 el presidente de Secheep, Jos\u00e9 Bistoletti.<\/strong><br>Una etapa de los trabajos se ejecutaron en la ma\u00f1ana de este domingo 9, para lo cual, por razones de seguridad, fue necesaria la salida de servicio de la l\u00ednea de alta tensi\u00f3n que alimenta a Villa \u00c1ngela, Coronel Du Graty, Villa Berthet, San Bernardo y zonas aleda\u00f1as. \u00abSi bien el trabajo estaba previsto realizarlo en dos horas, un imprevisto surgido durante las tareas, llev\u00f3 a que la interrupci\u00f3n sea un poco m\u00e1s larga, incluyendo tambi\u00e9n a Santa Sylvina, por lo que solicitamos a toda la comunidad de la zona las disculpas del caso, recordando adem\u00e1s que estos trabajos ser\u00e1n para el beneficio de todas esas localidades\u00bb, agreg\u00f3 Bistoletti.<br>Con el complejo solar de Villa \u00c1ngela y otros que se ejecutaron y se ejecutan en diferentes localidades, la provincia va camino a generar m\u00e1s de 400 MW de energ\u00eda solar, suficientes para proveer de energ\u00eda el\u00e9ctrica a m\u00e1s de 1.200.000 personas. Estas inversiones posicionan al Chaco c\u00f3mo l\u00edder en la regi\u00f3n en generaci\u00f3n el\u00e9ctrica a trav\u00e9s de fuentes renovables y la ubican entre las primeras provincias del pa\u00eds en la materia.<\/p>\n\n\n\n<p><strong>Colapsos en la red de alta tensi\u00f3n del NEA<\/strong><br>El Sistema Energ\u00e9tico Interconectado nacional registr\u00f3 este domingo 9, dos colapsos en la red de alta tensi\u00f3n del Nordeste Argentino (NEA).<br>El primero de los eventos se dio a las 13.50, con una p\u00e9rdida de demanda de 68 MW. Desde TRANSNEA informaron que el colapso se dio por la salida de servicio de una l\u00ednea energ\u00e9tica en la estaci\u00f3n transformadora de Colonia Carolina, en Corrientes.<br>El segundo colapso se registr\u00f3 a las 14.45, con una reducci\u00f3n de demanda de 829 MW en todo el NEA. Desde TRANSNEA informaron sobre la perturbaci\u00f3n de tensi\u00f3n en la regi\u00f3n, aunque no dieron detalles de los motivos. Asimismo, CAMMESA tampoco emiti\u00f3 comunicados al respecto en su p\u00e1gina web.<\/p>\n","protected":false},"excerpt":{"rendered":"<p>El Gobierno provincial, a trav\u00e9s de SECHEEP, en alianza estrat\u00e9gica con la empresa MSU Green Energy, avanzan con la mega obra del nuevo complejo solar de Villa \u00c1ngela. En ese marco, en la ma\u00f1ana de&nbsp;este domingo 9 de febrero, se realizaron trabajos que forman parte de la pronta incorporaci\u00f3n de 100 MW de energ\u00eda renovable [&hellip;]<\/p>\n","protected":false},"author":2,"featured_media":3918,"comment_status":"open","ping_status":"open","sticky":false,"template":"","format":"standard","meta":{"footnotes":""},"categories":[27],"tags":[],"class_list":{"0":"post-3905","1":"post","2":"type-post","3":"status-publish","4":"format-standard","5":"has-post-thumbnail","7":"category-interior"},"aioseo_notices":[],"_links":{"self":[{"href":"https:\/\/lalupa24.com.ar\/index.php\/wp-json\/wp\/v2\/posts\/3905","targetHints":{"allow":["GET"]}}],"collection":[{"href":"https:\/\/lalupa24.com.ar\/index.php\/wp-json\/wp\/v2\/posts"}],"about":[{"href":"https:\/\/lalupa24.com.ar\/index.php\/wp-json\/wp\/v2\/types\/post"}],"author":[{"embeddable":true,"href":"https:\/\/lalupa24.com.ar\/index.php\/wp-json\/wp\/v2\/users\/2"}],"replies":[{"embeddable":true,"href":"https:\/\/lalupa24.com.ar\/index.php\/wp-json\/wp\/v2\/comments?post=3905"}],"version-history":[{"count":1,"href":"https:\/\/lalupa24.com.ar\/index.php\/wp-json\/wp\/v2\/posts\/3905\/revisions"}],"predecessor-version":[{"id":3922,"href":"https:\/\/lalupa24.com.ar\/index.php\/wp-json\/wp\/v2\/posts\/3905\/revisions\/3922"}],"wp:featuredmedia":[{"embeddable":true,"href":"https:\/\/lalupa24.com.ar\/index.php\/wp-json\/wp\/v2\/media\/3918"}],"wp:attachment":[{"href":"https:\/\/lalupa24.com.ar\/index.php\/wp-json\/wp\/v2\/media?parent=3905"}],"wp:term":[{"taxonomy":"category","embeddable":true,"href":"https:\/\/lalupa24.com.ar\/index.php\/wp-json\/wp\/v2\/categories?post=3905"},{"taxonomy":"post_tag","embeddable":true,"href":"https:\/\/lalupa24.com.ar\/index.php\/wp-json\/wp\/v2\/tags?post=3905"}],"curies":[{"name":"wp","href":"https:\/\/api.w.org\/{rel}","templated":true}]}}