{"id":3942,"date":"2025-02-10T09:44:17","date_gmt":"2025-02-10T12:44:17","guid":{"rendered":"https:\/\/lalupa24.com.ar\/?p=3942"},"modified":"2025-02-11T09:47:38","modified_gmt":"2025-02-11T12:47:38","slug":"el-gobierno-provincial-construira-la-plazoleta-de-las-infancias-en-concepcion-del-bermejo","status":"publish","type":"post","link":"https:\/\/lalupa24.com.ar\/index.php\/2025\/02\/10\/el-gobierno-provincial-construira-la-plazoleta-de-las-infancias-en-concepcion-del-bermejo\/","title":{"rendered":"El gobierno provincial construir\u00e1 la \u201cplazoleta de las infancias\u201d en concepci\u00f3n del bermejo"},"content":{"rendered":"\n<p><\/p>\n\n\n\n<p><em>El presidente de Loter\u00eda Chaque\u00f1a, Lucas Apud Mas\u00edn junto al intendente de Concepci\u00f3n del Bermejo Ra\u00fal Maldonado, firmaron un acuerdo para la construcci\u00f3n de una importante obra en la localidad.<\/em><br>El convenio establece la realizaci\u00f3n de la \u201cPlazoleta de las Infancias\u201d, ubicada estrat\u00e9gicamente en el Barrio Obrero de Concepci\u00f3n del Bermejo.<br>En este contexto, Apud Mas\u00edn, destac\u00f3 la importancia de este tipo de obras: \u201cEsto ser\u00e1 un espacio de recreaci\u00f3n, para hacer deporte, actividades artisticas y sociales, el objetivo es que que asista la familia\u201d y agreg\u00f3 \u201cSeguimos un l\u00edneamiento del gobernador Leandro Zdero, en la realizaci\u00f3n de obras que beneficien a todos los chaque\u00f1os\u201d.<br>Por su parte el jefe comunal, se vio emocionado por este acuerdo y cont\u00f3 que \u201cesto es un proyecto anhelado para los vecinos\u201d y agradeci\u00f3 al Gobierno Provincial y a Loter\u00eda Chaque\u00f1a, por cumplir con esta obra que es necesaria para Concepci\u00f3n del Bermejo.<\/p>\n","protected":false},"excerpt":{"rendered":"<p>El presidente de Loter\u00eda Chaque\u00f1a, Lucas Apud Mas\u00edn junto al intendente de Concepci\u00f3n del Bermejo Ra\u00fal Maldonado, firmaron un acuerdo para la construcci\u00f3n de una importante obra en la localidad.El convenio establece la realizaci\u00f3n de la \u201cPlazoleta de las Infancias\u201d, ubicada estrat\u00e9gicamente en el Barrio Obrero de Concepci\u00f3n del Bermejo.En este contexto, Apud Mas\u00edn, destac\u00f3 [&hellip;]<\/p>\n","protected":false},"author":2,"featured_media":3943,"comment_status":"open","ping_status":"open","sticky":false,"template":"","format":"standard","meta":{"footnotes":""},"categories":[27],"tags":[],"class_list":{"0":"post-3942","1":"post","2":"type-post","3":"status-publish","4":"format-standard","5":"has-post-thumbnail","7":"category-interior"},"aioseo_notices":[],"_links":{"self":[{"href":"https:\/\/lalupa24.com.ar\/index.php\/wp-json\/wp\/v2\/posts\/3942","targetHints":{"allow":["GET"]}}],"collection":[{"href":"https:\/\/lalupa24.com.ar\/index.php\/wp-json\/wp\/v2\/posts"}],"about":[{"href":"https:\/\/lalupa24.com.ar\/index.php\/wp-json\/wp\/v2\/types\/post"}],"author":[{"embeddable":true,"href":"https:\/\/lalupa24.com.ar\/index.php\/wp-json\/wp\/v2\/users\/2"}],"replies":[{"embeddable":true,"href":"https:\/\/lalupa24.com.ar\/index.php\/wp-json\/wp\/v2\/comments?post=3942"}],"version-history":[{"count":1,"href":"https:\/\/lalupa24.com.ar\/index.php\/wp-json\/wp\/v2\/posts\/3942\/revisions"}],"predecessor-version":[{"id":3944,"href":"https:\/\/lalupa24.com.ar\/index.php\/wp-json\/wp\/v2\/posts\/3942\/revisions\/3944"}],"wp:featuredmedia":[{"embeddable":true,"href":"https:\/\/lalupa24.com.ar\/index.php\/wp-json\/wp\/v2\/media\/3943"}],"wp:attachment":[{"href":"https:\/\/lalupa24.com.ar\/index.php\/wp-json\/wp\/v2\/media?parent=3942"}],"wp:term":[{"taxonomy":"category","embeddable":true,"href":"https:\/\/lalupa24.com.ar\/index.php\/wp-json\/wp\/v2\/categories?post=3942"},{"taxonomy":"post_tag","embeddable":true,"href":"https:\/\/lalupa24.com.ar\/index.php\/wp-json\/wp\/v2\/tags?post=3942"}],"curies":[{"name":"wp","href":"https:\/\/api.w.org\/{rel}","templated":true}]}}