{"id":395,"date":"2024-02-23T05:46:57","date_gmt":"2024-02-23T08:46:57","guid":{"rendered":"https:\/\/lalupa24.com.ar\/?p=5880"},"modified":"2024-02-23T05:46:57","modified_gmt":"2024-02-23T08:46:57","slug":"los-docentes-se-movilizan-en-rechazo-a-las-medidas-de-ajuste-del-gobierno-de-milei","status":"publish","type":"post","link":"https:\/\/lalupa24.com.ar\/index.php\/2024\/02\/23\/los-docentes-se-movilizan-en-rechazo-a-las-medidas-de-ajuste-del-gobierno-de-milei\/","title":{"rendered":"Los docentes se movilizan en rechazo a las medidas de ajuste del gobierno de Milei"},"content":{"rendered":"\n<p>El principal sindicato de docentes, Ctera, ha convocado a un paro y una marcha en todo el pa\u00eds para el pr\u00f3ximo lunes, coincidiendo con el inicio del a\u00f1o escolar en varias provincias. Esta medida se ha tomado en oposici\u00f3n a la eliminaci\u00f3n del Fondo Nacional de Incentivo Docente (FONID) y el Fondo de Compensaci\u00f3n Salarial, as\u00ed como por la falta de una negociaci\u00f3n a nivel nacional sobre salarios. A pesar de la convocatoria del gobierno a los sindicatos para discutir un salario m\u00ednimo, programada para el martes en la Secretar\u00eda de Trabajo, otros cuatro grandes sindicatos nacionales de docentes (UDA, AMET, SADOP y CEA) a\u00fan no han confirmado su adhesi\u00f3n a la medida.<\/p>\n\n\n\n<p>El paro se acompa\u00f1ar\u00e1 de manifestaciones en diferentes provincias, seg\u00fan lo anunciado por la l\u00edder sindical, Sonia Alesso, quien declar\u00f3 que la medida de fuerza se debe a la demora intencionada en la convocatoria a la reuni\u00f3n. Alesso tambi\u00e9n se\u00f1al\u00f3 que &#8220;el pr\u00f3ximo mes, los docentes de todo el pa\u00eds ver\u00e1n reducidos sus ingresos&#8221; debido a la eliminaci\u00f3n del FONID, que ha sido parte del reclamo de los sindicatos docentes desde 1998.<\/p>\n\n\n\n<p>El gobierno de Milei decidi\u00f3 no renovar el Decreto de Necesidad y Urgencia que garantizaba la continuidad del FONID, a diferencia de lo que hab\u00edan hecho administraciones anteriores. Adem\u00e1s del FONID, los sindicatos rechazan la eliminaci\u00f3n del Fondo Compensador Salarial para el pago de sueldos en algunas provincias, la falta de acceso a la conectividad para los docentes y la falta de fondos para los comedores escolares.<\/p>\n\n\n\n<p>La decisi\u00f3n de convocar al paro fue tomada durante un congreso extraordinario de Ctera. Sin embargo, el sindicato participar\u00e1 en la reuni\u00f3n del martes para discutir el salario m\u00ednimo docente. Esta reuni\u00f3n contar\u00e1 con la presencia del Secretario de Trabajo, Omar Yasin, el Secretario de Educaci\u00f3n, Carlos Torrendell, representantes de las provincias y sindicatos docentes nacionales.<\/p>\n\n\n\n<p>Entre las demandas de Ctera se encuentra la transferencia de fondos y programas educativos a todas las provincias, conforme a las leyes vigentes, as\u00ed como la conformaci\u00f3n de una mesa paritaria nacional, como lo establece la Ley de Financiamiento Educativo.<\/p>\n\n\n\n<p>Alesso tambi\u00e9n critic\u00f3 al gobierno por informar a varias provincias que los fondos asignados por leyes parlamentarias no ser\u00e1n enviados, lo que afectar\u00e1 no solo al FONID, sino tambi\u00e9n a otras \u00e1reas como infraestructura escolar, programas educativos, y alimentaci\u00f3n para los estudiantes.<\/p>\n\n\n\n<p>Por otro lado, el sindicato docente de la ciudad de Buenos Aires, Ademys, tambi\u00e9n ha anunciado su adhesi\u00f3n al paro del pr\u00f3ximo lunes y planea una concentraci\u00f3n frente al antiguo edificio del Ministerio de Educaci\u00f3n Nacional en defensa de la escuela p\u00fablica y por mejores condiciones salariales y de ense\u00f1anza para estudiantes y familias.<\/p>\n\n\n\n<p>Por su parte, el Ministerio de Educaci\u00f3n de la Ciudad de Buenos Aires asegur\u00f3 que las clases comenzar\u00e1n seg\u00fan lo programado el pr\u00f3ximo lunes y que las escuelas estar\u00e1n abiertas para recibir a los estudiantes. Seg\u00fan un comunicado emitido por la cartera educativa dirigida por la ministra Mercedes Miguel, la semana pasada se firm\u00f3 un acuerdo salarial con los 17 sindicatos docentes que elev\u00f3 el salario inicial neto a $871.332 y el salario con antig\u00fcedad a $1.132.152.<\/p>\n","protected":false},"excerpt":{"rendered":"<p>El principal sindicato de docentes, Ctera, ha convocado a un paro y una marcha en todo el pa\u00eds para el pr\u00f3ximo lunes, coincidiendo con el inicio del a\u00f1o escolar en varias provincias.<\/p>\n","protected":false},"author":1,"featured_media":396,"comment_status":"open","ping_status":"open","sticky":false,"template":"","format":"standard","meta":{"footnotes":""},"categories":[26],"tags":[],"class_list":{"0":"post-395","1":"post","2":"type-post","3":"status-publish","4":"format-standard","5":"has-post-thumbnail","7":"category-nacionales"},"aioseo_notices":[],"_links":{"self":[{"href":"https:\/\/lalupa24.com.ar\/index.php\/wp-json\/wp\/v2\/posts\/395","targetHints":{"allow":["GET"]}}],"collection":[{"href":"https:\/\/lalupa24.com.ar\/index.php\/wp-json\/wp\/v2\/posts"}],"about":[{"href":"https:\/\/lalupa24.com.ar\/index.php\/wp-json\/wp\/v2\/types\/post"}],"author":[{"embeddable":true,"href":"https:\/\/lalupa24.com.ar\/index.php\/wp-json\/wp\/v2\/users\/1"}],"replies":[{"embeddable":true,"href":"https:\/\/lalupa24.com.ar\/index.php\/wp-json\/wp\/v2\/comments?post=395"}],"version-history":[{"count":0,"href":"https:\/\/lalupa24.com.ar\/index.php\/wp-json\/wp\/v2\/posts\/395\/revisions"}],"wp:featuredmedia":[{"embeddable":true,"href":"https:\/\/lalupa24.com.ar\/index.php\/wp-json\/wp\/v2\/media\/396"}],"wp:attachment":[{"href":"https:\/\/lalupa24.com.ar\/index.php\/wp-json\/wp\/v2\/media?parent=395"}],"wp:term":[{"taxonomy":"category","embeddable":true,"href":"https:\/\/lalupa24.com.ar\/index.php\/wp-json\/wp\/v2\/categories?post=395"},{"taxonomy":"post_tag","embeddable":true,"href":"https:\/\/lalupa24.com.ar\/index.php\/wp-json\/wp\/v2\/tags?post=395"}],"curies":[{"name":"wp","href":"https:\/\/api.w.org\/{rel}","templated":true}]}}