{"id":4031,"date":"2025-02-13T22:09:55","date_gmt":"2025-02-14T01:09:55","guid":{"rendered":"https:\/\/lalupa24.com.ar\/?p=4031"},"modified":"2025-02-13T22:09:56","modified_gmt":"2025-02-14T01:09:56","slug":"el-gobernador-zdero-inauguro-la-repavimentacion-de-la-ruta-provincial-no-6-tramo-san-bernardo-villa-berthet","status":"publish","type":"post","link":"https:\/\/lalupa24.com.ar\/index.php\/2025\/02\/13\/el-gobernador-zdero-inauguro-la-repavimentacion-de-la-ruta-provincial-no-6-tramo-san-bernardo-villa-berthet\/","title":{"rendered":"El gobernador Zdero inaugur\u00f3 la repavimentaci\u00f3n de la ruta provincial N\u00ba 6, tramo San Bernardo- Villa Berthet"},"content":{"rendered":"\n<p>Con recursos de la provincia, se inaugur\u00f3 esta obra de repavimentaci\u00f3n que estaba paralizada desde junio del 2023 y que permite conectar la Ruta Nacional N\u00ba 95 con Villa Berthet, pr\u00f3ximo al empalme con la Ruta Provincial N\u00b04, mejorando la seguridad vial y accesibilidad en la zona, como as\u00ed tambi\u00e9n, la conexi\u00f3n con San Bernardo.<\/p>\n\n\n\n<p>El gobernador Leandro Zdero inaugur\u00f3, este jueves, las obras de repavimentaci\u00f3n de la Ruta Provincial N\u00ba 6&nbsp; mejorando la conectividad con la localidad de San Bernardo, as\u00ed como la accesibilidad y la seguridad vial de la zona. Los trabajos incluyeron tambi\u00e9n&nbsp; se\u00f1alizaci\u00f3n&nbsp; hasta Las Bre\u00f1as._<\/p>\n\n\n\n<p>Acompa\u00f1ado tambi\u00e9n por el el ministro de la Producci\u00f3n y el Desarrollo Econ\u00f3mico Sostenible, V\u00edctor Zimmermann, el Administrador de la Direcci\u00f3n de Vialidad Provincial (DVP), Omar Canela, el secretario de Coordinaci\u00f3n de Gabinete, Livio Guti\u00e9rrez, Zdero asegur\u00f3 que se trata de una obra importante\u201cno solamente por la conectividad, sino para los comerciantes, para la actividad econ\u00f3mica y productiva de nuestra provincia\u201d.<\/p>\n\n\n\n<p>Reparando en una inversi\u00f3n de \u201ccasi 3.500 millones de pesos\u201d, adem\u00e1s de la se\u00f1alizaci\u00f3n hasta Las Bre\u00f1as, el Gobernador enfatiz\u00f3 en \u201ctodo el esfuerzo que se hace con recursos propios\u201d, recordando que se trataba de \u201cuna obra parada desde junio de 2023\u201d y que el Gobierno provincial retom\u00f3 \u201cno solamente para pagar la deuda, sino tambi\u00e9n para terminarla\u201d, dado su impacto la calidad de vidad de vecinos de la zona y la productividad provincial.<\/p>\n\n\n\n<p>Asimismo, Zdero ratific\u00f3 que se encuentra trabajando \u201csobre todas las rutas provinciales\u201d. Finalmente, asegur\u00f3 la continuidad de desembarco de los fondos de FONPLATA para la continuidad de obras de conectividad, y adelant\u00f3 el inicio de la Ruta 13, desde Cote Lai hasta Charadai, con el anhelo de llegar, \u201cen alg\u00fan momento\u201d a Villa \u00c1ngela.<\/p>\n\n\n\n<p>Una obra relevante para \u201cel coraz\u00f3n de la productividad\u201d.<\/p>\n\n\n\n<p>Al respecto, el titular de DVP, Omar Canela, resumi\u00f3 las obras a lo largo de 25 kil\u00f3metros, como \u201cuna intervenci\u00f3n de bacheo, bacheo superficial, bacheo profundo, y una repavimentaci\u00f3n\u201d es financiada a trav\u00e9s de recursos provinciales del Ministerio de Econom\u00eda de la provincia\u201d.<\/p>\n\n\n\n<p>\u201cEs muy importante porque entramos en la zona del coraz\u00f3n de la productividad, justamente ac\u00e1 de la provincia, para resolver parte de lo que es la conectividad vial, es un trabajo de conservaci\u00f3n de rutas provinciales muy importante\u201d, expres\u00f3 Canela, reparando en lo que fue tambi\u00e9n el avance en materia de se\u00f1alizaci\u00f3n, demarcaci\u00f3n vial, y 77 kil\u00f3metros de demarcaci\u00f3n que van desde la ruta provincial n\u00famero 4 hasta la ruta nacional 89, zona de Las Bre\u00f1as, con tambi\u00e9n se\u00f1alizaci\u00f3n vertical.<\/p>\n\n\n\n<p>En ese sentido el titular de la cartera Vial remarc\u00f3 lo \u201cesencial\u201d de la carteler\u00eda \u201cpara todo lo que sean medidas de informaci\u00f3n y de seguridad para poder circular y mejorar la calidad tambi\u00e9n de tr\u00e1nsito en todo este tramo\u201d. \u201cEstoy contento porque entendemos la importancia que tiene, la incidencia que tiene la demanda de esta v\u00eda puntual\u201d, concluy\u00f3 Canela.<\/p>\n\n\n\n<p>Acompa\u00f1aron tambi\u00e9n al gobernador en este acto, ministros, secretarios, subsecretarios; diputados provinciales, los intendentes de Chorotis, Ariel Hofstetter, de Villa Berthet, Germ\u00e1n&nbsp; Honcheruk, de San Bernardo, Silvio Sotelo; vecinos y productores de la zona.<\/p>\n","protected":false},"excerpt":{"rendered":"<p>Con recursos de la provincia, se inaugur\u00f3 esta obra de repavimentaci\u00f3n que estaba paralizada desde junio del 2023 y que permite conectar la Ruta Nacional N\u00ba 95 con Villa Berthet, pr\u00f3ximo al empalme con la Ruta Provincial N\u00b04, mejorando la seguridad vial y accesibilidad en la zona, como as\u00ed tambi\u00e9n, la conexi\u00f3n con San Bernardo. [&hellip;]<\/p>\n","protected":false},"author":11,"featured_media":4029,"comment_status":"open","ping_status":"open","sticky":false,"template":"","format":"standard","meta":{"footnotes":""},"categories":[28],"tags":[],"class_list":{"0":"post-4031","1":"post","2":"type-post","3":"status-publish","4":"format-standard","5":"has-post-thumbnail","7":"category-locales"},"aioseo_notices":[],"_links":{"self":[{"href":"https:\/\/lalupa24.com.ar\/index.php\/wp-json\/wp\/v2\/posts\/4031","targetHints":{"allow":["GET"]}}],"collection":[{"href":"https:\/\/lalupa24.com.ar\/index.php\/wp-json\/wp\/v2\/posts"}],"about":[{"href":"https:\/\/lalupa24.com.ar\/index.php\/wp-json\/wp\/v2\/types\/post"}],"author":[{"embeddable":true,"href":"https:\/\/lalupa24.com.ar\/index.php\/wp-json\/wp\/v2\/users\/11"}],"replies":[{"embeddable":true,"href":"https:\/\/lalupa24.com.ar\/index.php\/wp-json\/wp\/v2\/comments?post=4031"}],"version-history":[{"count":1,"href":"https:\/\/lalupa24.com.ar\/index.php\/wp-json\/wp\/v2\/posts\/4031\/revisions"}],"predecessor-version":[{"id":4032,"href":"https:\/\/lalupa24.com.ar\/index.php\/wp-json\/wp\/v2\/posts\/4031\/revisions\/4032"}],"wp:featuredmedia":[{"embeddable":true,"href":"https:\/\/lalupa24.com.ar\/index.php\/wp-json\/wp\/v2\/media\/4029"}],"wp:attachment":[{"href":"https:\/\/lalupa24.com.ar\/index.php\/wp-json\/wp\/v2\/media?parent=4031"}],"wp:term":[{"taxonomy":"category","embeddable":true,"href":"https:\/\/lalupa24.com.ar\/index.php\/wp-json\/wp\/v2\/categories?post=4031"},{"taxonomy":"post_tag","embeddable":true,"href":"https:\/\/lalupa24.com.ar\/index.php\/wp-json\/wp\/v2\/tags?post=4031"}],"curies":[{"name":"wp","href":"https:\/\/api.w.org\/{rel}","templated":true}]}}