{"id":424,"date":"2024-03-06T20:31:05","date_gmt":"2024-03-06T23:31:05","guid":{"rendered":"https:\/\/lalupa24.com.ar\/?p=424"},"modified":"2024-03-06T20:31:05","modified_gmt":"2024-03-06T23:31:05","slug":"galeria-colorado-abre-convocatoria-para-artistas","status":"publish","type":"post","link":"https:\/\/lalupa24.com.ar\/index.php\/2024\/03\/06\/galeria-colorado-abre-convocatoria-para-artistas\/","title":{"rendered":"Galer\u00eda Colorado abre convocatoria para artistas"},"content":{"rendered":"\n<h2 class=\"wp-block-heading\">Colorado Galer\u00eda de Arte es un espacio auto gestionado de exhibici\u00f3n, promoci\u00f3n y venta de obras de arte de la ciudad de Resistencia. <\/h2>\n\n\n\n<p>Es un lugar para artistas emergentes como as\u00ed tambi\u00e9n de mediana carrera, con el objetivo de difundir y visibilizar diferentes proyectos art\u00edsticos federales, para poder proyectarse en el mercado local, nacional e internacional.<\/p>\n\n\n\n<p>Es el proyecto de artes visuales de la Casa Cultural Kandanga la cual tiene ocho a\u00f1os de vida. En Kandanga conviven varias propuestas y disciplinas art\u00edsticas, se reciben proyectos expositivos de curadores o investigadores, propuestas de exposici\u00f3n de artistas (con o sin curadur\u00eda) colectivos o individuales para ser desarrollados en la galer\u00eda.<\/p>\n\n\n\n<p>Tiene como misi\u00f3n construir un espacio en el que confluyan distintas \u00e1reas del arte. Busca comunicar; analizar; investigar; vincular y experimentar, a nivel federal, las disciplinas: pintura, fotograf\u00eda y escultura. \u00a0Algunos de los artistas representados por el Colorado son Valentina Mariani; Silvana Sanabria; Licha Bernal; Melisa Sotelo y Tati Cabral. En el equipo de trabajo se encuentran Marina Aranda; Solana Merlo; Jos\u00e9 Barreto y Constanza Ojeda.<\/p>\n\n\n\n<p>Colorado abre convocatoria para proyectos expositivos. Se pueden presentar propuestas art\u00edsticas colectivas o individuales enmarcadas en las artes visuales e interlenguajes. La convocatoria esta dirigida a artistas, artivistas y curadores locales y de la regi\u00f3n. Se reciben los proyectos hasta el d\u00eda 20 de marzo de 2024. Los temas, t\u00e9cnicas y dimensiones de las obras son totalmente libres, siempre y cuando entren en la marquesina que es de tres metros de ancho por dos metros de alto, hacemos esta aclaraci\u00f3n para obras bidimensionales.\u00a0No se permitir\u00e1n proyectos que contengan lenguaje que incite al odio, la discriminaci\u00f3n y la violencia.\u00a0 Se puede resolver cualquier duda  en el\u00a0 Instagram de la asociaci\u00f3n y enviar\u00a0 la propuesta al correo <a href=\"mailto:colorado.galeriadearte@gmail.com\" target=\"_blank\" rel=\"noreferrer noopener\">colorado.galeriadearte@gmail.com<\/a>. <\/p>\n","protected":false},"excerpt":{"rendered":"<p>Colorado Galer\u00eda de Arte es un espacio auto gestionado de exhibici\u00f3n, promoci\u00f3n y venta de obras de arte de la ciudad de Resistencia. Es un lugar para artistas emergentes como as\u00ed tambi\u00e9n de mediana carrera, con el objetivo de difundir y visibilizar diferentes proyectos art\u00edsticos federales, para poder proyectarse en el mercado local, nacional e [&hellip;]<\/p>\n","protected":false},"author":2,"featured_media":425,"comment_status":"open","ping_status":"open","sticky":false,"template":"","format":"standard","meta":{"footnotes":""},"categories":[28],"tags":[44,46,30,45,47,48,31],"class_list":{"0":"post-424","1":"post","2":"type-post","3":"status-publish","4":"format-standard","5":"has-post-thumbnail","7":"category-locales","8":"tag-arte","9":"tag-artistas","10":"tag-chaco","11":"tag-cultura","12":"tag-exposicion","13":"tag-galeria","14":"tag-resistencia"},"aioseo_notices":[],"_links":{"self":[{"href":"https:\/\/lalupa24.com.ar\/index.php\/wp-json\/wp\/v2\/posts\/424","targetHints":{"allow":["GET"]}}],"collection":[{"href":"https:\/\/lalupa24.com.ar\/index.php\/wp-json\/wp\/v2\/posts"}],"about":[{"href":"https:\/\/lalupa24.com.ar\/index.php\/wp-json\/wp\/v2\/types\/post"}],"author":[{"embeddable":true,"href":"https:\/\/lalupa24.com.ar\/index.php\/wp-json\/wp\/v2\/users\/2"}],"replies":[{"embeddable":true,"href":"https:\/\/lalupa24.com.ar\/index.php\/wp-json\/wp\/v2\/comments?post=424"}],"version-history":[{"count":2,"href":"https:\/\/lalupa24.com.ar\/index.php\/wp-json\/wp\/v2\/posts\/424\/revisions"}],"predecessor-version":[{"id":427,"href":"https:\/\/lalupa24.com.ar\/index.php\/wp-json\/wp\/v2\/posts\/424\/revisions\/427"}],"wp:featuredmedia":[{"embeddable":true,"href":"https:\/\/lalupa24.com.ar\/index.php\/wp-json\/wp\/v2\/media\/425"}],"wp:attachment":[{"href":"https:\/\/lalupa24.com.ar\/index.php\/wp-json\/wp\/v2\/media?parent=424"}],"wp:term":[{"taxonomy":"category","embeddable":true,"href":"https:\/\/lalupa24.com.ar\/index.php\/wp-json\/wp\/v2\/categories?post=424"},{"taxonomy":"post_tag","embeddable":true,"href":"https:\/\/lalupa24.com.ar\/index.php\/wp-json\/wp\/v2\/tags?post=424"}],"curies":[{"name":"wp","href":"https:\/\/api.w.org\/{rel}","templated":true}]}}