{"id":4255,"date":"2025-02-24T19:53:09","date_gmt":"2025-02-24T22:53:09","guid":{"rendered":"https:\/\/lalupa24.com.ar\/?p=4255"},"modified":"2025-02-24T19:54:43","modified_gmt":"2025-02-24T22:54:43","slug":"por-falta-de-quorum-se-cayo-la-sesion-preparatoria-del-senado","status":"publish","type":"post","link":"https:\/\/lalupa24.com.ar\/index.php\/2025\/02\/24\/por-falta-de-quorum-se-cayo-la-sesion-preparatoria-del-senado\/","title":{"rendered":"Por falta de qu\u00f3rum se cay\u00f3 la sesi\u00f3n preparatoria del Senado"},"content":{"rendered":"\n<p>A las 16.35 la vicepresidenta Victoria Villarruel dio por levantada la sesi\u00f3n que estaba prevista para este lunes donde se iban a elegir a las autoridades del Cuerpo. El oficialismo estuvo a tan solo un senador para alcanzar los 37.<\/p>\n\n\n\n<p>El oficialismo sufri\u00f3 un rev\u00e9s legislativo este lunes al no reunir el apoyo necesario para llevar a cabo la sesi\u00f3n preparatoria del Senado de la Naci\u00f3n donde se iban a ratificar las autoridades del Cuerpo tal como lo indica el art\u00edculo 1 del reglamento de la C\u00e1mara, por la ausencia de los senadores por Santa Cruz, tal cual hab\u00eda anticipado<strong>.<\/strong><\/p>\n\n\n\n<p>El mismo plantea que \u201cel 24 de febrero de cada a\u00f1o o el d\u00eda inmediato h\u00e1bil anterior en caso de que sea feriado, se re\u00fane el Senado en sesiones preparatorias a fin de designar autoridades y fijar los d\u00edas y horas de sesiones ordinarias, los que pueden ser alterados por decisi\u00f3n de la C\u00e1mara\u201d.<\/p>\n\n\n\n<p>El encuentro estaba pautado para las 16, pero pasada la media hora la vicepresidenta de la Naci\u00f3n confirm\u00f3: \u201cNo habiendo qu\u00f3rum damos por levantada la sesi\u00f3n siguiendo el art\u00edculo 15 del Reglamento de la Honorable C\u00e1mara de Senadores\u201d.<\/p>\n\n\n\n<p>Inmediatamente, el senador salte\u00f1o&nbsp;<strong>Juan Carlos Romero<\/strong>&nbsp;hizo uso de la palabra para dejar asentado que las ausencias de los dos senadores de Santa Cruz,&nbsp;<strong>Jos\u00e9 Mar\u00eda Carambia y Natalia Gadano,<\/strong>&nbsp;\u201chan impedido tener el qu\u00f3rum para esta sesi\u00f3n\u201d. As\u00ed, propuso que \u201cya en el periodo ordinario veamos c\u00f3mo resolvemos el cargo vacante porque por reglamento las autoridades quedan prorrogadas\u201d.<\/p>\n","protected":false},"excerpt":{"rendered":"<p>A las 16.35 la vicepresidenta Victoria Villarruel dio por levantada la sesi\u00f3n que estaba prevista para este lunes donde se iban a elegir a las autoridades del Cuerpo. El oficialismo estuvo a tan solo un senador para alcanzar los 37. El oficialismo sufri\u00f3 un rev\u00e9s legislativo este lunes al no reunir el apoyo necesario para [&hellip;]<\/p>\n","protected":false},"author":11,"featured_media":4256,"comment_status":"open","ping_status":"open","sticky":false,"template":"","format":"standard","meta":{"footnotes":""},"categories":[1,26],"tags":[],"class_list":{"0":"post-4255","1":"post","2":"type-post","3":"status-publish","4":"format-standard","5":"has-post-thumbnail","7":"category-blog","8":"category-nacionales"},"aioseo_notices":[],"_links":{"self":[{"href":"https:\/\/lalupa24.com.ar\/index.php\/wp-json\/wp\/v2\/posts\/4255","targetHints":{"allow":["GET"]}}],"collection":[{"href":"https:\/\/lalupa24.com.ar\/index.php\/wp-json\/wp\/v2\/posts"}],"about":[{"href":"https:\/\/lalupa24.com.ar\/index.php\/wp-json\/wp\/v2\/types\/post"}],"author":[{"embeddable":true,"href":"https:\/\/lalupa24.com.ar\/index.php\/wp-json\/wp\/v2\/users\/11"}],"replies":[{"embeddable":true,"href":"https:\/\/lalupa24.com.ar\/index.php\/wp-json\/wp\/v2\/comments?post=4255"}],"version-history":[{"count":1,"href":"https:\/\/lalupa24.com.ar\/index.php\/wp-json\/wp\/v2\/posts\/4255\/revisions"}],"predecessor-version":[{"id":4257,"href":"https:\/\/lalupa24.com.ar\/index.php\/wp-json\/wp\/v2\/posts\/4255\/revisions\/4257"}],"wp:featuredmedia":[{"embeddable":true,"href":"https:\/\/lalupa24.com.ar\/index.php\/wp-json\/wp\/v2\/media\/4256"}],"wp:attachment":[{"href":"https:\/\/lalupa24.com.ar\/index.php\/wp-json\/wp\/v2\/media?parent=4255"}],"wp:term":[{"taxonomy":"category","embeddable":true,"href":"https:\/\/lalupa24.com.ar\/index.php\/wp-json\/wp\/v2\/categories?post=4255"},{"taxonomy":"post_tag","embeddable":true,"href":"https:\/\/lalupa24.com.ar\/index.php\/wp-json\/wp\/v2\/tags?post=4255"}],"curies":[{"name":"wp","href":"https:\/\/api.w.org\/{rel}","templated":true}]}}